{"id":5782,"date":"2026-04-30T13:27:35","date_gmt":"2026-04-30T13:27:35","guid":{"rendered":"https:\/\/aemarvao.edu.gov.pt\/site\/?p=5782"},"modified":"2026-04-30T13:28:26","modified_gmt":"2026-04-30T13:28:26","slug":"orientacao-vocacional-2026","status":"publish","type":"post","link":"https:\/\/aemarvao.edu.gov.pt\/site\/orientacao-vocacional-2026\/","title":{"rendered":"Orienta\u00e7\u00e3o Vocacional | 2026"},"content":{"rendered":"<div dir=\"auto\">No passado dia 28 de abril de 2026, os alunos de 9\u00baano que participam atualmente no Programa de Orienta\u00e7\u00e3o Vocacional , acompanhados pela professora Sofia Castro e pela psic\u00f3loga Liliana Feiteira Santa, estiveram presentes na Escola Secund\u00e1ria Mouzinho da Silveira, na IV Feira Vocacional e Profissional, organizada pelo Agrupamento de Escolas do Bonfim.<\/div>\n<div dir=\"auto\">Esta visita possibilitou conhecer os espa\u00e7os f\u00edsicos da escola, e acima de tudo ter contacto com a oferta formativa disponibilizada por esta.<\/div>\n<div dir=\"auto\">Atrav\u00e9s das esta\u00e7\u00f5es em que se encontravam representados os cursos, dinamizaram jogos e atividades desenvolvidas nesse \u00e2mbito, conheceram colegas e at\u00e9 reencontraram ex-alunos do nosso Agrupamento.<\/div>\n<div dir=\"auto\">Foi tamb\u00e9m poss\u00edvel assistir a uma palestra que permitiu desmistificar as quest\u00f5es relacionadas com os cursos profissionais em rela\u00e7\u00e3o aos cursos cient\u00edfico-human\u00edsticos. Esta palestra foi bastante esclarecedora, com testemunhos de alunos do ensino profissional e exemplos pr\u00e1ticos dos trabalhos que desenvolvem.<\/div>\n<div dir=\"auto\">Os alunos tiveram tamb\u00e9m contacto com os projetos que s\u00e3o dinamizados no CET (Centro Especializado Tecnol\u00f3gico), bem como, no LED (Laborat\u00f3rio de Educa\u00e7\u00e3o Digital).<\/div>\n<div dir=\"auto\">Para os alunos de 9\u00baano, foi a oportunidade de conhecer a din\u00e2mica de uma escola que poder\u00e1 em breve ser a sua!<\/div>\n<div dir=\"auto\"><\/div>\n<p><iframe loading=\"lazy\" style=\"border: none; overflow: hidden;\" src=\"https:\/\/www.facebook.com\/plugins\/post.php?href=https%3A%2F%2Fwww.facebook.com%2FBibliotecaEscolarMarvao%2Fposts%2Fpfbid0StxjD95MLPSZbg1ja6yY7bogFfQH95iYjxVFHWuSoduNbF6jVf5mfdjVB7bkw7FYl&amp;show_text=true&amp;width=500\" width=\"500\" height=\"698\" frameborder=\"0\" scrolling=\"no\" allowfullscreen=\"allowfullscreen\"><\/iframe><\/p>\n","protected":false},"excerpt":{"rendered":"<p>No passado dia 28 de abril de 2026, os alunos de 9\u00baano que participam atualmente no Programa de Orienta\u00e7\u00e3o Vocacional , acompanhados pela professora Sofia Castro e pela psic\u00f3loga Liliana Feiteira Santa, estiveram presentes na Escola Secund\u00e1ria Mouzinho da Silveira, na IV Feira Vocacional e Profissional, organizada pelo Agrupamento de Escolas do Bonfim. Esta visita &hellip; <\/p>\n<p class=\"link-more\"><a href=\"https:\/\/aemarvao.edu.gov.pt\/site\/orientacao-vocacional-2026\/\" class=\"more-link\">Continuar a ler <span class=\"screen-reader-text\">&#8220;Orienta\u00e7\u00e3o Vocacional | 2026&#8221;<\/span><\/a><\/p>\n","protected":false},"author":1,"featured_media":0,"comment_status":"open","ping_status":"open","sticky":false,"template":"","format":"standard","meta":[],"categories":[],"tags":[],"_links":{"self":[{"href":"https:\/\/aemarvao.edu.gov.pt\/site\/wp-json\/wp\/v2\/posts\/5782"}],"collection":[{"href":"https:\/\/aemarvao.edu.gov.pt\/site\/wp-json\/wp\/v2\/posts"}],"about":[{"href":"https:\/\/aemarvao.edu.gov.pt\/site\/wp-json\/wp\/v2\/types\/post"}],"author":[{"embeddable":true,"href":"https:\/\/aemarvao.edu.gov.pt\/site\/wp-json\/wp\/v2\/users\/1"}],"replies":[{"embeddable":true,"href":"https:\/\/aemarvao.edu.gov.pt\/site\/wp-json\/wp\/v2\/comments?post=5782"}],"version-history":[{"count":1,"href":"https:\/\/aemarvao.edu.gov.pt\/site\/wp-json\/wp\/v2\/posts\/5782\/revisions"}],"predecessor-version":[{"id":5785,"href":"https:\/\/aemarvao.edu.gov.pt\/site\/wp-json\/wp\/v2\/posts\/5782\/revisions\/5785"}],"wp:attachment":[{"href":"https:\/\/aemarvao.edu.gov.pt\/site\/wp-json\/wp\/v2\/media?parent=5782"}],"wp:term":[{"taxonomy":"category","embeddable":true,"href":"https:\/\/aemarvao.edu.gov.pt\/site\/wp-json\/wp\/v2\/categories?post=5782"},{"taxonomy":"post_tag","embeddable":true,"href":"https:\/\/aemarvao.edu.gov.pt\/site\/wp-json\/wp\/v2\/tags?post=5782"}],"curies":[{"name":"wp","href":"https:\/\/api.w.org\/{rel}","templated":true}]}}