{"id":5779,"date":"2026-04-29T18:58:16","date_gmt":"2026-04-29T18:58:16","guid":{"rendered":"https:\/\/aemarvao.edu.gov.pt\/site\/?p=5779"},"modified":"2026-04-29T18:58:16","modified_gmt":"2026-04-29T18:58:16","slug":"ii-encontro-nacional-de-assistentes-sociais-na-educacao","status":"publish","type":"post","link":"https:\/\/aemarvao.edu.gov.pt\/site\/ii-encontro-nacional-de-assistentes-sociais-na-educacao\/","title":{"rendered":"II Encontro Nacional de Assistentes Sociais na Educa\u00e7\u00e3o"},"content":{"rendered":"<div dir=\"auto\">J\u00e1 se encontram abertas as inscri\u00e7\u00f5es para o II Encontro Nacional de Assistentes Sociais na Educa\u00e7\u00e3o, a realizar no dia 29 de maio de 2026, na Escola Secund\u00e1ria de S. Louren\u00e7o, em Portalegre.<\/div>\n<div dir=\"auto\">Este encontro constitui um importante momento de partilha e reflex\u00e3o sobre os desafios atuais da interven\u00e7\u00e3o do Servi\u00e7o Social em contexto educativo.<\/div>\n<div dir=\"auto\">As inscri\u00e7\u00f5es podem ser efetuadas atrav\u00e9s do QR Code presente no programa.<\/div>\n<div dir=\"auto\">Contamos com a vossa presen\u00e7a para este momento de encontro, partilha e valoriza\u00e7\u00e3o do papel do Servi\u00e7o Social na Educa\u00e7\u00e3o.<\/div>\n<div dir=\"auto\"><a href=\"https:\/\/aemarvao.edu.gov.pt\/site\/wp-content\/uploads\/2026\/04\/683211666_1413107570858016_2339086013211664119_n.jpg\"><img loading=\"lazy\" class=\"aligncenter size-medium wp-image-5780\" src=\"https:\/\/aemarvao.edu.gov.pt\/site\/wp-content\/uploads\/2026\/04\/683211666_1413107570858016_2339086013211664119_n-212x300.jpg\" alt=\"\" width=\"212\" height=\"300\" srcset=\"https:\/\/aemarvao.edu.gov.pt\/site\/wp-content\/uploads\/2026\/04\/683211666_1413107570858016_2339086013211664119_n-212x300.jpg 212w, https:\/\/aemarvao.edu.gov.pt\/site\/wp-content\/uploads\/2026\/04\/683211666_1413107570858016_2339086013211664119_n-724x1024.jpg 724w, https:\/\/aemarvao.edu.gov.pt\/site\/wp-content\/uploads\/2026\/04\/683211666_1413107570858016_2339086013211664119_n-768x1087.jpg 768w, https:\/\/aemarvao.edu.gov.pt\/site\/wp-content\/uploads\/2026\/04\/683211666_1413107570858016_2339086013211664119_n-1085x1536.jpg 1085w, https:\/\/aemarvao.edu.gov.pt\/site\/wp-content\/uploads\/2026\/04\/683211666_1413107570858016_2339086013211664119_n.jpg 1447w\" sizes=\"(max-width: 212px) 100vw, 212px\" \/><\/a><\/div>\n","protected":false},"excerpt":{"rendered":"<p>J\u00e1 se encontram abertas as inscri\u00e7\u00f5es para o II Encontro Nacional de Assistentes Sociais na Educa\u00e7\u00e3o, a realizar no dia 29 de maio de 2026, na Escola Secund\u00e1ria de S. Louren\u00e7o, em Portalegre. Este encontro constitui um importante momento de partilha e reflex\u00e3o sobre os desafios atuais da interven\u00e7\u00e3o do Servi\u00e7o Social em contexto educativo. &hellip; <\/p>\n<p class=\"link-more\"><a href=\"https:\/\/aemarvao.edu.gov.pt\/site\/ii-encontro-nacional-de-assistentes-sociais-na-educacao\/\" class=\"more-link\">Continuar a ler <span class=\"screen-reader-text\">&#8220;II Encontro Nacional de Assistentes Sociais na Educa\u00e7\u00e3o&#8221;<\/span><\/a><\/p>\n","protected":false},"author":1,"featured_media":5623,"comment_status":"open","ping_status":"open","sticky":false,"template":"","format":"standard","meta":[],"categories":[1],"tags":[],"_links":{"self":[{"href":"https:\/\/aemarvao.edu.gov.pt\/site\/wp-json\/wp\/v2\/posts\/5779"}],"collection":[{"href":"https:\/\/aemarvao.edu.gov.pt\/site\/wp-json\/wp\/v2\/posts"}],"about":[{"href":"https:\/\/aemarvao.edu.gov.pt\/site\/wp-json\/wp\/v2\/types\/post"}],"author":[{"embeddable":true,"href":"https:\/\/aemarvao.edu.gov.pt\/site\/wp-json\/wp\/v2\/users\/1"}],"replies":[{"embeddable":true,"href":"https:\/\/aemarvao.edu.gov.pt\/site\/wp-json\/wp\/v2\/comments?post=5779"}],"version-history":[{"count":1,"href":"https:\/\/aemarvao.edu.gov.pt\/site\/wp-json\/wp\/v2\/posts\/5779\/revisions"}],"predecessor-version":[{"id":5781,"href":"https:\/\/aemarvao.edu.gov.pt\/site\/wp-json\/wp\/v2\/posts\/5779\/revisions\/5781"}],"wp:featuredmedia":[{"embeddable":true,"href":"https:\/\/aemarvao.edu.gov.pt\/site\/wp-json\/wp\/v2\/media\/5623"}],"wp:attachment":[{"href":"https:\/\/aemarvao.edu.gov.pt\/site\/wp-json\/wp\/v2\/media?parent=5779"}],"wp:term":[{"taxonomy":"category","embeddable":true,"href":"https:\/\/aemarvao.edu.gov.pt\/site\/wp-json\/wp\/v2\/categories?post=5779"},{"taxonomy":"post_tag","embeddable":true,"href":"https:\/\/aemarvao.edu.gov.pt\/site\/wp-json\/wp\/v2\/tags?post=5779"}],"curies":[{"name":"wp","href":"https:\/\/api.w.org\/{rel}","templated":true}]}}