{"id":5622,"date":"2026-03-12T17:41:23","date_gmt":"2026-03-12T17:41:23","guid":{"rendered":"https:\/\/aemarvao.edu.gov.pt\/site\/?p=5622"},"modified":"2026-03-13T09:22:02","modified_gmt":"2026-03-13T09:22:02","slug":"ii-encontro-de-assistentes-sociais-na-educacao","status":"publish","type":"post","link":"https:\/\/aemarvao.edu.gov.pt\/site\/ii-encontro-de-assistentes-sociais-na-educacao\/","title":{"rendered":"II Encontro Nacional de Assistentes Sociais na Educa\u00e7\u00e3o"},"content":{"rendered":"<p>O Agrupamento de Escolas de Marv\u00e3o (AEM) e a Escola Secund\u00e1ria de S\u00e3o Louren\u00e7o, em Portalegre, consideraram pertinente, pelo segundo ano consecutivo, promover a realiza\u00e7\u00e3o do II Encontro Nacional de Assistentes Sociais na Educa\u00e7\u00e3o.<br class=\"html-br\" \/><br class=\"html-br\" \/>Este encontro ter\u00e1 lugar no dia 29 de maio, nas instala\u00e7\u00f5es da Escola Secund\u00e1ria de S. Louren\u00e7o, em Portalegre.<\/p>\n<p><a href=\"https:\/\/aemarvao.edu.gov.pt\/site\/wp-content\/uploads\/2026\/03\/651388262_1373071374861636_8792073119683240648_n.jpg\"><img loading=\"lazy\" class=\"aligncenter size-medium wp-image-5623\" src=\"https:\/\/aemarvao.edu.gov.pt\/site\/wp-content\/uploads\/2026\/03\/651388262_1373071374861636_8792073119683240648_n-300x119.jpg\" alt=\"\" width=\"300\" height=\"119\" srcset=\"https:\/\/aemarvao.edu.gov.pt\/site\/wp-content\/uploads\/2026\/03\/651388262_1373071374861636_8792073119683240648_n-300x119.jpg 300w, https:\/\/aemarvao.edu.gov.pt\/site\/wp-content\/uploads\/2026\/03\/651388262_1373071374861636_8792073119683240648_n-1024x407.jpg 1024w, https:\/\/aemarvao.edu.gov.pt\/site\/wp-content\/uploads\/2026\/03\/651388262_1373071374861636_8792073119683240648_n-768x305.jpg 768w, https:\/\/aemarvao.edu.gov.pt\/site\/wp-content\/uploads\/2026\/03\/651388262_1373071374861636_8792073119683240648_n-1536x610.jpg 1536w, https:\/\/aemarvao.edu.gov.pt\/site\/wp-content\/uploads\/2026\/03\/651388262_1373071374861636_8792073119683240648_n.jpg 1587w\" sizes=\"(max-width: 300px) 100vw, 300px\" \/><\/a><\/p>\n","protected":false},"excerpt":{"rendered":"<p>O Agrupamento de Escolas de Marv\u00e3o (AEM) e a Escola Secund\u00e1ria de S\u00e3o Louren\u00e7o, em Portalegre, consideraram pertinente, pelo segundo ano consecutivo, promover a realiza\u00e7\u00e3o do II Encontro Nacional de Assistentes Sociais na Educa\u00e7\u00e3o.Este encontro ter\u00e1 lugar no dia 29 de maio, nas instala\u00e7\u00f5es da Escola Secund\u00e1ria de S. Louren\u00e7o, em Portalegre.<\/p>\n","protected":false},"author":1,"featured_media":5623,"comment_status":"open","ping_status":"open","sticky":false,"template":"","format":"standard","meta":[],"categories":[1],"tags":[],"_links":{"self":[{"href":"https:\/\/aemarvao.edu.gov.pt\/site\/wp-json\/wp\/v2\/posts\/5622"}],"collection":[{"href":"https:\/\/aemarvao.edu.gov.pt\/site\/wp-json\/wp\/v2\/posts"}],"about":[{"href":"https:\/\/aemarvao.edu.gov.pt\/site\/wp-json\/wp\/v2\/types\/post"}],"author":[{"embeddable":true,"href":"https:\/\/aemarvao.edu.gov.pt\/site\/wp-json\/wp\/v2\/users\/1"}],"replies":[{"embeddable":true,"href":"https:\/\/aemarvao.edu.gov.pt\/site\/wp-json\/wp\/v2\/comments?post=5622"}],"version-history":[{"count":2,"href":"https:\/\/aemarvao.edu.gov.pt\/site\/wp-json\/wp\/v2\/posts\/5622\/revisions"}],"predecessor-version":[{"id":5625,"href":"https:\/\/aemarvao.edu.gov.pt\/site\/wp-json\/wp\/v2\/posts\/5622\/revisions\/5625"}],"wp:featuredmedia":[{"embeddable":true,"href":"https:\/\/aemarvao.edu.gov.pt\/site\/wp-json\/wp\/v2\/media\/5623"}],"wp:attachment":[{"href":"https:\/\/aemarvao.edu.gov.pt\/site\/wp-json\/wp\/v2\/media?parent=5622"}],"wp:term":[{"taxonomy":"category","embeddable":true,"href":"https:\/\/aemarvao.edu.gov.pt\/site\/wp-json\/wp\/v2\/categories?post=5622"},{"taxonomy":"post_tag","embeddable":true,"href":"https:\/\/aemarvao.edu.gov.pt\/site\/wp-json\/wp\/v2\/tags?post=5622"}],"curies":[{"name":"wp","href":"https:\/\/api.w.org\/{rel}","templated":true}]}}