{"id":5541,"date":"2026-01-22T15:24:43","date_gmt":"2026-01-22T15:24:43","guid":{"rendered":"https:\/\/aemarvao.edu.gov.pt\/site\/?p=5541"},"modified":"2026-01-22T15:24:43","modified_gmt":"2026-01-22T15:24:43","slug":"resultados-do-desafio-bebras-2025","status":"publish","type":"post","link":"https:\/\/aemarvao.edu.gov.pt\/site\/resultados-do-desafio-bebras-2025\/","title":{"rendered":"Resultados do Desafio Bebras 2025"},"content":{"rendered":"<p data-start=\"193\" data-end=\"369\"><strong data-start=\"193\" data-end=\"238\">Aos entusiastas de tecnologia e n\u00e3o s\u00f3!<\/strong><br data-start=\"238\" data-end=\"241\" \/>J\u00e1 s\u00e3o conhecidos os resultados do <strong data-start=\"276\" data-end=\"299\">Desafio Bebras 2025<\/strong>, o reconhecido <strong data-start=\"315\" data-end=\"368\">Desafio Internacional de Pensamento Computacional<\/strong>.<\/p>\n<p data-start=\"371\" data-end=\"556\">Este desafio realizou-se em mais de <strong data-start=\"407\" data-end=\"420\">50 pa\u00edses<\/strong> e contou com a participa\u00e7\u00e3o de <strong data-start=\"452\" data-end=\"478\">mais de 150 mil alunos<\/strong>, sendo a edi\u00e7\u00e3o de <strong data-start=\"498\" data-end=\"519\">2025 do Bebras PT<\/strong> um novo <strong data-start=\"528\" data-end=\"555\">recorde de participa\u00e7\u00e3o<\/strong>.<\/p>\n<p data-start=\"558\" data-end=\"764\">Relativamente aos nossos alunos, volt\u00e1mos a alcan\u00e7ar resultados de grande destaque: particip\u00e1mos em <strong data-start=\"658\" data-end=\"677\">mais categorias<\/strong>, obtivemos <strong data-start=\"689\" data-end=\"721\">melhores desempenhos globais<\/strong> e super\u00e1mos os resultados do ano anterior.<\/p>\n<p data-start=\"766\" data-end=\"825\">Destacaram-se, entre os <strong data-start=\"790\" data-end=\"806\">melhores <\/strong>dos participantes:<\/p>\n<ul data-start=\"826\" data-end=\"1158\">\n<li data-start=\"826\" data-end=\"902\">\n<p data-start=\"828\" data-end=\"902\">Na categoria <strong data-start=\"828\" data-end=\"859\">Cadetes,<\/strong> integrando os <strong data-start=\"1074\" data-end=\"1085\">TOP 25%<\/strong> dos melhores resultados, a aluna <strong>Constan\u00e7a Anacleto Barradas<\/strong>, do <strong data-start=\"864\" data-end=\"873\">7.\u00baA<\/strong>;<\/p>\n<\/li>\n<\/ul>\n<p style=\"text-align: center;\"><b><a href=\"https:\/\/aemarvao.edu.gov.pt\/site\/wp-content\/uploads\/2026\/01\/IMG_20260122_124622-scaled.jpg\"><img loading=\"lazy\" class=\"aligncenter wp-image-5550\" src=\"https:\/\/aemarvao.edu.gov.pt\/site\/wp-content\/uploads\/2026\/01\/IMG_20260122_124622-300x135.jpg\" alt=\"\" width=\"500\" height=\"225\" srcset=\"https:\/\/aemarvao.edu.gov.pt\/site\/wp-content\/uploads\/2026\/01\/IMG_20260122_124622-300x135.jpg 300w, https:\/\/aemarvao.edu.gov.pt\/site\/wp-content\/uploads\/2026\/01\/IMG_20260122_124622-1024x461.jpg 1024w, https:\/\/aemarvao.edu.gov.pt\/site\/wp-content\/uploads\/2026\/01\/IMG_20260122_124622-768x346.jpg 768w, https:\/\/aemarvao.edu.gov.pt\/site\/wp-content\/uploads\/2026\/01\/IMG_20260122_124622-1536x691.jpg 1536w, https:\/\/aemarvao.edu.gov.pt\/site\/wp-content\/uploads\/2026\/01\/IMG_20260122_124622-2048x922.jpg 2048w\" sizes=\"(max-width: 500px) 100vw, 500px\" \/><\/a>7\u00baAno da Escola Polo<\/b><\/p>\n<ul data-start=\"826\" data-end=\"1158\">\n<li data-start=\"903\" data-end=\"1030\">\n<p data-start=\"905\" data-end=\"1030\">Na categoria <strong data-start=\"918\" data-end=\"931\">Benjamins,<\/strong> com um resultado excecional no\u00a0<strong data-start=\"965\" data-end=\"975\">TOP 1%<\/strong>, o aluno <strong data-start=\"985\" data-end=\"1013\">Dinis Ferreira Casa Nova<\/strong>, do <strong data-start=\"1018\" data-end=\"1027\">6.\u00ba A<\/strong>;<\/p>\n<\/li>\n<\/ul>\n<p style=\"text-align: center;\" data-start=\"905\" data-end=\"1030\"><b><a href=\"https:\/\/aemarvao.edu.gov.pt\/site\/wp-content\/uploads\/2026\/01\/IMG_20260120_095941-scaled.jpg\"><img loading=\"lazy\" class=\"aligncenter wp-image-5546\" src=\"https:\/\/aemarvao.edu.gov.pt\/site\/wp-content\/uploads\/2026\/01\/IMG_20260120_095941-300x135.jpg\" alt=\"\" width=\"500\" height=\"225\" srcset=\"https:\/\/aemarvao.edu.gov.pt\/site\/wp-content\/uploads\/2026\/01\/IMG_20260120_095941-300x135.jpg 300w, https:\/\/aemarvao.edu.gov.pt\/site\/wp-content\/uploads\/2026\/01\/IMG_20260120_095941-1024x461.jpg 1024w, https:\/\/aemarvao.edu.gov.pt\/site\/wp-content\/uploads\/2026\/01\/IMG_20260120_095941-768x346.jpg 768w, https:\/\/aemarvao.edu.gov.pt\/site\/wp-content\/uploads\/2026\/01\/IMG_20260120_095941-1536x691.jpg 1536w, https:\/\/aemarvao.edu.gov.pt\/site\/wp-content\/uploads\/2026\/01\/IMG_20260120_095941-2048x922.jpg 2048w\" sizes=\"(max-width: 500px) 100vw, 500px\" \/><\/a>5\u00baAno da Escola Polo<\/b><\/p>\n<p style=\"text-align: center;\" data-start=\"905\" data-end=\"1030\"><b><img loading=\"lazy\" class=\"aligncenter wp-image-5545\" src=\"https:\/\/aemarvao.edu.gov.pt\/site\/wp-content\/uploads\/2026\/01\/IMG_20260119_142620-300x135.jpg\" alt=\"\" width=\"500\" height=\"225\" srcset=\"https:\/\/aemarvao.edu.gov.pt\/site\/wp-content\/uploads\/2026\/01\/IMG_20260119_142620-300x135.jpg 300w, https:\/\/aemarvao.edu.gov.pt\/site\/wp-content\/uploads\/2026\/01\/IMG_20260119_142620-1024x461.jpg 1024w, https:\/\/aemarvao.edu.gov.pt\/site\/wp-content\/uploads\/2026\/01\/IMG_20260119_142620-768x346.jpg 768w, https:\/\/aemarvao.edu.gov.pt\/site\/wp-content\/uploads\/2026\/01\/IMG_20260119_142620-1536x691.jpg 1536w, https:\/\/aemarvao.edu.gov.pt\/site\/wp-content\/uploads\/2026\/01\/IMG_20260119_142620-2048x922.jpg 2048w\" sizes=\"(max-width: 500px) 100vw, 500px\" \/>6\u00baAno da Escola Polo<\/b><\/p>\n<ul data-start=\"826\" data-end=\"1158\">\n<li data-start=\"1031\" data-end=\"1158\">\n<p data-start=\"1033\" data-end=\"1158\">Na categoria <strong data-start=\"1046\" data-end=\"1058\">Castores,<\/strong>\u00a0integrando os <strong data-start=\"1074\" data-end=\"1085\">TOP 10%<\/strong> dos melhores resultados, o aluno <strong data-start=\"1119\" data-end=\"1141\">Tom\u00e1s Dias Belinho<\/strong>, do <strong data-start=\"1146\" data-end=\"1157\">3.\u00ba Ano<\/strong>.<\/p>\n<\/li>\n<\/ul>\n<p style=\"text-align: center;\"><a href=\"https:\/\/aemarvao.edu.gov.pt\/site\/wp-content\/uploads\/2026\/01\/IMG_20260114_140241-scaled.jpg\"><img loading=\"lazy\" class=\"aligncenter wp-image-5543\" src=\"https:\/\/aemarvao.edu.gov.pt\/site\/wp-content\/uploads\/2026\/01\/IMG_20260114_140241-300x135.jpg\" alt=\"\" width=\"500\" height=\"225\" srcset=\"https:\/\/aemarvao.edu.gov.pt\/site\/wp-content\/uploads\/2026\/01\/IMG_20260114_140241-300x135.jpg 300w, https:\/\/aemarvao.edu.gov.pt\/site\/wp-content\/uploads\/2026\/01\/IMG_20260114_140241-1024x461.jpg 1024w, https:\/\/aemarvao.edu.gov.pt\/site\/wp-content\/uploads\/2026\/01\/IMG_20260114_140241-768x346.jpg 768w, https:\/\/aemarvao.edu.gov.pt\/site\/wp-content\/uploads\/2026\/01\/IMG_20260114_140241-1536x691.jpg 1536w, https:\/\/aemarvao.edu.gov.pt\/site\/wp-content\/uploads\/2026\/01\/IMG_20260114_140241-2048x922.jpg 2048w\" sizes=\"(max-width: 500px) 100vw, 500px\" \/><\/a><b>3\u00baAno da Escola Sede<\/b><b><a href=\"https:\/\/aemarvao.edu.gov.pt\/site\/wp-content\/uploads\/2026\/01\/IMG_20260120_145842-scaled.jpg\"><img loading=\"lazy\" class=\"aligncenter wp-image-5548\" src=\"https:\/\/aemarvao.edu.gov.pt\/site\/wp-content\/uploads\/2026\/01\/IMG_20260120_145842-300x135.jpg\" alt=\"\" width=\"500\" height=\"225\" srcset=\"https:\/\/aemarvao.edu.gov.pt\/site\/wp-content\/uploads\/2026\/01\/IMG_20260120_145842-300x135.jpg 300w, https:\/\/aemarvao.edu.gov.pt\/site\/wp-content\/uploads\/2026\/01\/IMG_20260120_145842-1024x461.jpg 1024w, https:\/\/aemarvao.edu.gov.pt\/site\/wp-content\/uploads\/2026\/01\/IMG_20260120_145842-768x346.jpg 768w, https:\/\/aemarvao.edu.gov.pt\/site\/wp-content\/uploads\/2026\/01\/IMG_20260120_145842-1536x691.jpg 1536w, https:\/\/aemarvao.edu.gov.pt\/site\/wp-content\/uploads\/2026\/01\/IMG_20260120_145842-2048x922.jpg 2048w\" sizes=\"(max-width: 500px) 100vw, 500px\" \/><\/a>3\u00baAno da Escola Polo<\/b><\/p>\n<p style=\"text-align: center;\"><b><a href=\"https:\/\/aemarvao.edu.gov.pt\/site\/wp-content\/uploads\/2026\/01\/IMG_20260119_093637-scaled.jpg\"><img loading=\"lazy\" class=\"aligncenter wp-image-5544\" src=\"https:\/\/aemarvao.edu.gov.pt\/site\/wp-content\/uploads\/2026\/01\/IMG_20260119_093637-300x135.jpg\" alt=\"\" width=\"500\" height=\"225\" srcset=\"https:\/\/aemarvao.edu.gov.pt\/site\/wp-content\/uploads\/2026\/01\/IMG_20260119_093637-300x135.jpg 300w, https:\/\/aemarvao.edu.gov.pt\/site\/wp-content\/uploads\/2026\/01\/IMG_20260119_093637-1024x461.jpg 1024w, https:\/\/aemarvao.edu.gov.pt\/site\/wp-content\/uploads\/2026\/01\/IMG_20260119_093637-768x346.jpg 768w, https:\/\/aemarvao.edu.gov.pt\/site\/wp-content\/uploads\/2026\/01\/IMG_20260119_093637-1536x691.jpg 1536w, https:\/\/aemarvao.edu.gov.pt\/site\/wp-content\/uploads\/2026\/01\/IMG_20260119_093637-2048x922.jpg 2048w\" sizes=\"(max-width: 500px) 100vw, 500px\" \/><\/a>4\u00baAno da Escola Sede<\/b><b><a href=\"https:\/\/aemarvao.edu.gov.pt\/site\/wp-content\/uploads\/2026\/01\/IMG_20260120_140543-scaled.jpg\"><img loading=\"lazy\" class=\"aligncenter wp-image-5547\" src=\"https:\/\/aemarvao.edu.gov.pt\/site\/wp-content\/uploads\/2026\/01\/IMG_20260120_140543-300x135.jpg\" alt=\"\" width=\"500\" height=\"225\" srcset=\"https:\/\/aemarvao.edu.gov.pt\/site\/wp-content\/uploads\/2026\/01\/IMG_20260120_140543-300x135.jpg 300w, https:\/\/aemarvao.edu.gov.pt\/site\/wp-content\/uploads\/2026\/01\/IMG_20260120_140543-1024x461.jpg 1024w, https:\/\/aemarvao.edu.gov.pt\/site\/wp-content\/uploads\/2026\/01\/IMG_20260120_140543-768x346.jpg 768w, https:\/\/aemarvao.edu.gov.pt\/site\/wp-content\/uploads\/2026\/01\/IMG_20260120_140543-1536x691.jpg 1536w, https:\/\/aemarvao.edu.gov.pt\/site\/wp-content\/uploads\/2026\/01\/IMG_20260120_140543-2048x922.jpg 2048w\" sizes=\"(max-width: 500px) 100vw, 500px\" \/><\/a>4\u00baAno da Escola Polo<\/b><\/p>\n<p data-start=\"1160\" data-end=\"1353\">O <strong data-start=\"1162\" data-end=\"1180\">Desafio Bebras<\/strong> \u00e9 uma importante ferramenta educativa que promove o <strong data-start=\"1233\" data-end=\"1254\">racioc\u00ednio l\u00f3gico<\/strong>, o <strong data-start=\"1258\" data-end=\"1280\">pensamento cr\u00edtico<\/strong> e o interesse pela <strong data-start=\"1300\" data-end=\"1324\">ci\u00eancia e tecnologia<\/strong> em contexto de sala de aula.<\/p>\n<p data-start=\"1355\" data-end=\"1483\"><strong data-start=\"1355\" data-end=\"1393\">Parab\u00e9ns a todos os participantes!<\/strong><br data-start=\"1393\" data-end=\"1396\" \/>Vamos, juntos, continuar a incentivar a pr\u00f3xima gera\u00e7\u00e3o de pensadores computacionais.<\/p>\n","protected":false},"excerpt":{"rendered":"<p>Aos entusiastas de tecnologia e n\u00e3o s\u00f3!J\u00e1 s\u00e3o conhecidos os resultados do Desafio Bebras 2025, o reconhecido Desafio Internacional de Pensamento Computacional. Este desafio realizou-se em mais de 50 pa\u00edses e contou com a participa\u00e7\u00e3o de mais de 150 mil alunos, sendo a edi\u00e7\u00e3o de 2025 do Bebras PT um novo recorde de participa\u00e7\u00e3o. Relativamente &hellip; <\/p>\n<p class=\"link-more\"><a href=\"https:\/\/aemarvao.edu.gov.pt\/site\/resultados-do-desafio-bebras-2025\/\" class=\"more-link\">Continuar a ler <span class=\"screen-reader-text\">&#8220;Resultados do Desafio Bebras 2025&#8221;<\/span><\/a><\/p>\n","protected":false},"author":1,"featured_media":5098,"comment_status":"open","ping_status":"open","sticky":false,"template":"","format":"standard","meta":[],"categories":[1],"tags":[],"_links":{"self":[{"href":"https:\/\/aemarvao.edu.gov.pt\/site\/wp-json\/wp\/v2\/posts\/5541"}],"collection":[{"href":"https:\/\/aemarvao.edu.gov.pt\/site\/wp-json\/wp\/v2\/posts"}],"about":[{"href":"https:\/\/aemarvao.edu.gov.pt\/site\/wp-json\/wp\/v2\/types\/post"}],"author":[{"embeddable":true,"href":"https:\/\/aemarvao.edu.gov.pt\/site\/wp-json\/wp\/v2\/users\/1"}],"replies":[{"embeddable":true,"href":"https:\/\/aemarvao.edu.gov.pt\/site\/wp-json\/wp\/v2\/comments?post=5541"}],"version-history":[{"count":3,"href":"https:\/\/aemarvao.edu.gov.pt\/site\/wp-json\/wp\/v2\/posts\/5541\/revisions"}],"predecessor-version":[{"id":5551,"href":"https:\/\/aemarvao.edu.gov.pt\/site\/wp-json\/wp\/v2\/posts\/5541\/revisions\/5551"}],"wp:featuredmedia":[{"embeddable":true,"href":"https:\/\/aemarvao.edu.gov.pt\/site\/wp-json\/wp\/v2\/media\/5098"}],"wp:attachment":[{"href":"https:\/\/aemarvao.edu.gov.pt\/site\/wp-json\/wp\/v2\/media?parent=5541"}],"wp:term":[{"taxonomy":"category","embeddable":true,"href":"https:\/\/aemarvao.edu.gov.pt\/site\/wp-json\/wp\/v2\/categories?post=5541"},{"taxonomy":"post_tag","embeddable":true,"href":"https:\/\/aemarvao.edu.gov.pt\/site\/wp-json\/wp\/v2\/tags?post=5541"}],"curies":[{"name":"wp","href":"https:\/\/api.w.org\/{rel}","templated":true}]}}