{"id":5506,"date":"2025-12-09T20:52:24","date_gmt":"2025-12-09T20:52:24","guid":{"rendered":"https:\/\/aemarvao.edu.gov.pt\/site\/?p=5506"},"modified":"2025-12-09T20:56:58","modified_gmt":"2025-12-09T20:56:58","slug":"tomada-de-posse-da-comissao-de-alunos-do-aem","status":"publish","type":"post","link":"https:\/\/aemarvao.edu.gov.pt\/site\/tomada-de-posse-da-comissao-de-alunos-do-aem\/","title":{"rendered":"Tomada de posse da Comiss\u00e3o de Alunos do AEM"},"content":{"rendered":"<div class=\"xdj266r x14z9mp xat24cr x1lziwak x1vvkbs x126k92a\">\n<div dir=\"auto\">No dia 4 de dezembro, ao final do dia, decorreu a cerim\u00f3nia de tomada de posse da Comiss\u00e3o de Alunos do AEM. Ap\u00f3s algumas palavras proferidas pelo Diretor do AEM, pela coordenadora do GIAF e pela presidente da Assembleia da Comiss\u00e3o de alunos, que apresentou as inten\u00e7\u00f5es e o plano de a\u00e7\u00e3o em termos gerais, pela equipa, procedeu- se \u00e0 tomada de posse, na qual assinaram todos os elementos dos diversos \u00f3rg\u00e3os e \u00e1reas que a constituem. Posteriormente o Diretor assinou o documento homologado assim o documento. A enriquecer a cerim\u00f3nia, o clube de m\u00fasica, dirigido e acompanhado pela professora Ana Fortuna, fizeram a magn\u00edfica apresenta\u00e7\u00e3o de dois momentos musicais que foram do agrado de todos os presentes.<\/div>\n<\/div>\n<div class=\"x14z9mp xat24cr x1lziwak x1vvkbs xtlvy1s x126k92a\">\n<div dir=\"auto\">A equipa do GIAF agradece a todos os presentes e deseja muito sucesso \u00e0 Comiss\u00e3o de Alunos do AEM, e votos de bom trabalho em prol do nosso Agrupamento de escolas de Marv\u00e3o.<\/div>\n<div dir=\"auto\"><a href=\"https:\/\/aemarvao.edu.gov.pt\/site\/wp-content\/uploads\/2025\/12\/comissao.jpg\"><img loading=\"lazy\" class=\"aligncenter wp-image-5507\" src=\"https:\/\/aemarvao.edu.gov.pt\/site\/wp-content\/uploads\/2025\/12\/comissao-300x113.jpg\" alt=\"\" width=\"335\" height=\"126\" srcset=\"https:\/\/aemarvao.edu.gov.pt\/site\/wp-content\/uploads\/2025\/12\/comissao-300x113.jpg 300w, https:\/\/aemarvao.edu.gov.pt\/site\/wp-content\/uploads\/2025\/12\/comissao.jpg 490w\" sizes=\"(max-width: 335px) 100vw, 335px\" \/><\/a><\/div>\n<div dir=\"auto\"><a href=\"https:\/\/aemarvao.edu.gov.pt\/site\/wp-content\/uploads\/2025\/12\/593913695_1293459029489538_4504792128307940506_n.jpg\"><img loading=\"lazy\" class=\"aligncenter size-medium wp-image-5508\" src=\"https:\/\/aemarvao.edu.gov.pt\/site\/wp-content\/uploads\/2025\/12\/593913695_1293459029489538_4504792128307940506_n-300x225.jpg\" alt=\"\" width=\"300\" height=\"225\" srcset=\"https:\/\/aemarvao.edu.gov.pt\/site\/wp-content\/uploads\/2025\/12\/593913695_1293459029489538_4504792128307940506_n-300x225.jpg 300w, https:\/\/aemarvao.edu.gov.pt\/site\/wp-content\/uploads\/2025\/12\/593913695_1293459029489538_4504792128307940506_n-1024x768.jpg 1024w, https:\/\/aemarvao.edu.gov.pt\/site\/wp-content\/uploads\/2025\/12\/593913695_1293459029489538_4504792128307940506_n-768x576.jpg 768w, https:\/\/aemarvao.edu.gov.pt\/site\/wp-content\/uploads\/2025\/12\/593913695_1293459029489538_4504792128307940506_n-1536x1152.jpg 1536w, https:\/\/aemarvao.edu.gov.pt\/site\/wp-content\/uploads\/2025\/12\/593913695_1293459029489538_4504792128307940506_n.jpg 2048w\" sizes=\"(max-width: 300px) 100vw, 300px\" \/><\/a><\/div>\n<\/div>\n<div dir=\"auto\"><\/div>\n<div dir=\"auto\"><\/div>\n<div class=\"x14z9mp xat24cr x1lziwak x1vvkbs xtlvy1s x126k92a\">\n<div dir=\"auto\"><a href=\"https:\/\/aemarvao.edu.gov.pt\/site\/wp-content\/uploads\/2025\/12\/595472985_1293459106156197_8850324302319833043_n.jpg\"><img loading=\"lazy\" class=\"aligncenter size-medium wp-image-5509\" src=\"https:\/\/aemarvao.edu.gov.pt\/site\/wp-content\/uploads\/2025\/12\/595472985_1293459106156197_8850324302319833043_n-225x300.jpg\" alt=\"\" width=\"225\" height=\"300\" srcset=\"https:\/\/aemarvao.edu.gov.pt\/site\/wp-content\/uploads\/2025\/12\/595472985_1293459106156197_8850324302319833043_n-225x300.jpg 225w, https:\/\/aemarvao.edu.gov.pt\/site\/wp-content\/uploads\/2025\/12\/595472985_1293459106156197_8850324302319833043_n-768x1024.jpg 768w, https:\/\/aemarvao.edu.gov.pt\/site\/wp-content\/uploads\/2025\/12\/595472985_1293459106156197_8850324302319833043_n-1152x1536.jpg 1152w, https:\/\/aemarvao.edu.gov.pt\/site\/wp-content\/uploads\/2025\/12\/595472985_1293459106156197_8850324302319833043_n.jpg 1536w\" sizes=\"(max-width: 225px) 100vw, 225px\" \/><\/a><\/div>\n<\/div>\n<div dir=\"auto\"><\/div>\n<div dir=\"auto\"><\/div>\n<div class=\"x14z9mp xat24cr x1lziwak x1vvkbs xtlvy1s x126k92a\">\n<div dir=\"auto\"><a href=\"https:\/\/aemarvao.edu.gov.pt\/site\/wp-content\/uploads\/2025\/12\/593876373_1293459022822872_7871472038501734363_n.jpg\"><img loading=\"lazy\" class=\"aligncenter size-medium wp-image-5510\" src=\"https:\/\/aemarvao.edu.gov.pt\/site\/wp-content\/uploads\/2025\/12\/593876373_1293459022822872_7871472038501734363_n-225x300.jpg\" alt=\"\" width=\"225\" height=\"300\" srcset=\"https:\/\/aemarvao.edu.gov.pt\/site\/wp-content\/uploads\/2025\/12\/593876373_1293459022822872_7871472038501734363_n-225x300.jpg 225w, https:\/\/aemarvao.edu.gov.pt\/site\/wp-content\/uploads\/2025\/12\/593876373_1293459022822872_7871472038501734363_n-768x1024.jpg 768w, https:\/\/aemarvao.edu.gov.pt\/site\/wp-content\/uploads\/2025\/12\/593876373_1293459022822872_7871472038501734363_n-1152x1536.jpg 1152w, https:\/\/aemarvao.edu.gov.pt\/site\/wp-content\/uploads\/2025\/12\/593876373_1293459022822872_7871472038501734363_n.jpg 1536w\" sizes=\"(max-width: 225px) 100vw, 225px\" \/><\/a><\/div>\n<div dir=\"auto\"><\/div>\n<div dir=\"auto\"><a href=\"https:\/\/www.facebook.com\/reel\/2468811953515230\">https:\/\/www.facebook.com\/reel\/2468811953515230<\/a><\/div>\n<div dir=\"auto\"><a href=\"https:\/\/www.facebook.com\/reel\/778987201823233\">https:\/\/www.facebook.com\/reel\/778987201823233<\/a><\/div>\n<\/div>\n","protected":false},"excerpt":{"rendered":"<p>No dia 4 de dezembro, ao final do dia, decorreu a cerim\u00f3nia de tomada de posse da Comiss\u00e3o de Alunos do AEM. Ap\u00f3s algumas palavras proferidas pelo Diretor do AEM, pela coordenadora do GIAF e pela presidente da Assembleia da Comiss\u00e3o de alunos, que apresentou as inten\u00e7\u00f5es e o plano de a\u00e7\u00e3o em termos gerais, &hellip; <\/p>\n<p class=\"link-more\"><a href=\"https:\/\/aemarvao.edu.gov.pt\/site\/tomada-de-posse-da-comissao-de-alunos-do-aem\/\" class=\"more-link\">Continuar a ler <span class=\"screen-reader-text\">&#8220;Tomada de posse da Comiss\u00e3o de Alunos do AEM&#8221;<\/span><\/a><\/p>\n","protected":false},"author":1,"featured_media":5508,"comment_status":"open","ping_status":"open","sticky":false,"template":"","format":"standard","meta":[],"categories":[],"tags":[],"_links":{"self":[{"href":"https:\/\/aemarvao.edu.gov.pt\/site\/wp-json\/wp\/v2\/posts\/5506"}],"collection":[{"href":"https:\/\/aemarvao.edu.gov.pt\/site\/wp-json\/wp\/v2\/posts"}],"about":[{"href":"https:\/\/aemarvao.edu.gov.pt\/site\/wp-json\/wp\/v2\/types\/post"}],"author":[{"embeddable":true,"href":"https:\/\/aemarvao.edu.gov.pt\/site\/wp-json\/wp\/v2\/users\/1"}],"replies":[{"embeddable":true,"href":"https:\/\/aemarvao.edu.gov.pt\/site\/wp-json\/wp\/v2\/comments?post=5506"}],"version-history":[{"count":6,"href":"https:\/\/aemarvao.edu.gov.pt\/site\/wp-json\/wp\/v2\/posts\/5506\/revisions"}],"predecessor-version":[{"id":5516,"href":"https:\/\/aemarvao.edu.gov.pt\/site\/wp-json\/wp\/v2\/posts\/5506\/revisions\/5516"}],"wp:featuredmedia":[{"embeddable":true,"href":"https:\/\/aemarvao.edu.gov.pt\/site\/wp-json\/wp\/v2\/media\/5508"}],"wp:attachment":[{"href":"https:\/\/aemarvao.edu.gov.pt\/site\/wp-json\/wp\/v2\/media?parent=5506"}],"wp:term":[{"taxonomy":"category","embeddable":true,"href":"https:\/\/aemarvao.edu.gov.pt\/site\/wp-json\/wp\/v2\/categories?post=5506"},{"taxonomy":"post_tag","embeddable":true,"href":"https:\/\/aemarvao.edu.gov.pt\/site\/wp-json\/wp\/v2\/tags?post=5506"}],"curies":[{"name":"wp","href":"https:\/\/api.w.org\/{rel}","templated":true}]}}