{"id":5498,"date":"2025-12-09T20:38:06","date_gmt":"2025-12-09T20:38:06","guid":{"rendered":"https:\/\/aemarvao.edu.gov.pt\/site\/?p=5498"},"modified":"2025-12-09T20:57:47","modified_gmt":"2025-12-09T20:57:47","slug":"dia-internacional-das-pessoas-com-deficiencia-4","status":"publish","type":"post","link":"https:\/\/aemarvao.edu.gov.pt\/site\/dia-internacional-das-pessoas-com-deficiencia-4\/","title":{"rendered":"Dia Internacional das Pessoas com Defici\u00eancia"},"content":{"rendered":"<div dir=\"auto\">O Agrupamento de Escolas de Marv\u00e3o assinalou o Dia Internacional das Pessoas com Defici\u00eancia, com uma atividade dirigida aos alunos do 2.\u00ba e 3.\u00ba ciclo. As turmas, acompanhadas pelos respetivos Professores e pelas T\u00e9cnicas Especializadas, deslocaram-se \u00e0 sala do CAA, onde foram recebidas pelas docentes de Educa\u00e7\u00e3o Especial, Fernanda Mouro, Maria Lacerda e Teresa Rosado.<\/div>\n<div dir=\"auto\">Os alunos assistiram ao visionamento da curta-metragem \u201cA Voz de Makayla\u201d, que aborda temas relacionados com comunica\u00e7\u00e3o, empatia e os desafios enfrentados por pessoas com necessidades espec\u00edficas.<\/div>\n<div dir=\"auto\">Seguiu-se um momento de debate e troca de ideias, durante o qual os alunos se comportaram de forma exemplar, contribuindo com reflex\u00f5es pertinentes e sugest\u00f5es construtivas. A participa\u00e7\u00e3o ativa demonstrou interesse e sensibilidade para os temas debatidos, refor\u00e7ando a import\u00e2ncia da inclus\u00e3o e do respeito pela diferen\u00e7a no contexto escolar. A iniciativa foi promovida pelas docentes de Educa\u00e7\u00e3o Especial e T\u00e9cnicas Especializadas.<\/div>\n<div dir=\"auto\"><a href=\"https:\/\/aemarvao.edu.gov.pt\/site\/wp-content\/uploads\/2025\/12\/593700905_1293408996161208_1087846219554988003_n.jpg\"><img loading=\"lazy\" class=\"aligncenter size-medium wp-image-5501\" src=\"https:\/\/aemarvao.edu.gov.pt\/site\/wp-content\/uploads\/2025\/12\/593700905_1293408996161208_1087846219554988003_n-300x225.jpg\" alt=\"\" width=\"300\" height=\"225\" srcset=\"https:\/\/aemarvao.edu.gov.pt\/site\/wp-content\/uploads\/2025\/12\/593700905_1293408996161208_1087846219554988003_n-300x225.jpg 300w, https:\/\/aemarvao.edu.gov.pt\/site\/wp-content\/uploads\/2025\/12\/593700905_1293408996161208_1087846219554988003_n-1024x769.jpg 1024w, https:\/\/aemarvao.edu.gov.pt\/site\/wp-content\/uploads\/2025\/12\/593700905_1293408996161208_1087846219554988003_n-768x576.jpg 768w, https:\/\/aemarvao.edu.gov.pt\/site\/wp-content\/uploads\/2025\/12\/593700905_1293408996161208_1087846219554988003_n-1536x1153.jpg 1536w, https:\/\/aemarvao.edu.gov.pt\/site\/wp-content\/uploads\/2025\/12\/593700905_1293408996161208_1087846219554988003_n.jpg 1600w\" sizes=\"(max-width: 300px) 100vw, 300px\" \/><\/a><\/div>\n<div dir=\"auto\"><\/div>\n<div dir=\"auto\"><a href=\"https:\/\/aemarvao.edu.gov.pt\/site\/wp-content\/uploads\/2025\/12\/594064277_1293407446161363_8519486232614771190_n.jpg\"><img loading=\"lazy\" class=\"aligncenter size-medium wp-image-5502\" src=\"https:\/\/aemarvao.edu.gov.pt\/site\/wp-content\/uploads\/2025\/12\/594064277_1293407446161363_8519486232614771190_n-225x300.jpg\" alt=\"\" width=\"225\" height=\"300\" srcset=\"https:\/\/aemarvao.edu.gov.pt\/site\/wp-content\/uploads\/2025\/12\/594064277_1293407446161363_8519486232614771190_n-225x300.jpg 225w, https:\/\/aemarvao.edu.gov.pt\/site\/wp-content\/uploads\/2025\/12\/594064277_1293407446161363_8519486232614771190_n-768x1024.jpg 768w, https:\/\/aemarvao.edu.gov.pt\/site\/wp-content\/uploads\/2025\/12\/594064277_1293407446161363_8519486232614771190_n-1152x1536.jpg 1152w, https:\/\/aemarvao.edu.gov.pt\/site\/wp-content\/uploads\/2025\/12\/594064277_1293407446161363_8519486232614771190_n.jpg 1200w\" sizes=\"(max-width: 225px) 100vw, 225px\" \/><\/a><\/div>\n<div dir=\"auto\"><\/div>\n<div dir=\"auto\"><a href=\"https:\/\/aemarvao.edu.gov.pt\/site\/wp-content\/uploads\/2025\/12\/592521282_1293407429494698_1492342377046443102_n.jpg\"><img loading=\"lazy\" class=\"aligncenter size-medium wp-image-5503\" src=\"https:\/\/aemarvao.edu.gov.pt\/site\/wp-content\/uploads\/2025\/12\/592521282_1293407429494698_1492342377046443102_n-300x225.jpg\" alt=\"\" width=\"300\" height=\"225\" srcset=\"https:\/\/aemarvao.edu.gov.pt\/site\/wp-content\/uploads\/2025\/12\/592521282_1293407429494698_1492342377046443102_n-300x225.jpg 300w, https:\/\/aemarvao.edu.gov.pt\/site\/wp-content\/uploads\/2025\/12\/592521282_1293407429494698_1492342377046443102_n-1024x768.jpg 1024w, https:\/\/aemarvao.edu.gov.pt\/site\/wp-content\/uploads\/2025\/12\/592521282_1293407429494698_1492342377046443102_n-768x576.jpg 768w, https:\/\/aemarvao.edu.gov.pt\/site\/wp-content\/uploads\/2025\/12\/592521282_1293407429494698_1492342377046443102_n-1536x1152.jpg 1536w, https:\/\/aemarvao.edu.gov.pt\/site\/wp-content\/uploads\/2025\/12\/592521282_1293407429494698_1492342377046443102_n.jpg 1600w\" sizes=\"(max-width: 300px) 100vw, 300px\" \/><\/a><\/div>\n","protected":false},"excerpt":{"rendered":"<p>O Agrupamento de Escolas de Marv\u00e3o assinalou o Dia Internacional das Pessoas com Defici\u00eancia, com uma atividade dirigida aos alunos do 2.\u00ba e 3.\u00ba ciclo. As turmas, acompanhadas pelos respetivos Professores e pelas T\u00e9cnicas Especializadas, deslocaram-se \u00e0 sala do CAA, onde foram recebidas pelas docentes de Educa\u00e7\u00e3o Especial, Fernanda Mouro, Maria Lacerda e Teresa Rosado. &hellip; <\/p>\n<p class=\"link-more\"><a href=\"https:\/\/aemarvao.edu.gov.pt\/site\/dia-internacional-das-pessoas-com-deficiencia-4\/\" class=\"more-link\">Continuar a ler <span class=\"screen-reader-text\">&#8220;Dia Internacional das Pessoas com Defici\u00eancia&#8221;<\/span><\/a><\/p>\n","protected":false},"author":1,"featured_media":5503,"comment_status":"open","ping_status":"open","sticky":false,"template":"","format":"standard","meta":[],"categories":[],"tags":[],"_links":{"self":[{"href":"https:\/\/aemarvao.edu.gov.pt\/site\/wp-json\/wp\/v2\/posts\/5498"}],"collection":[{"href":"https:\/\/aemarvao.edu.gov.pt\/site\/wp-json\/wp\/v2\/posts"}],"about":[{"href":"https:\/\/aemarvao.edu.gov.pt\/site\/wp-json\/wp\/v2\/types\/post"}],"author":[{"embeddable":true,"href":"https:\/\/aemarvao.edu.gov.pt\/site\/wp-json\/wp\/v2\/users\/1"}],"replies":[{"embeddable":true,"href":"https:\/\/aemarvao.edu.gov.pt\/site\/wp-json\/wp\/v2\/comments?post=5498"}],"version-history":[{"count":4,"href":"https:\/\/aemarvao.edu.gov.pt\/site\/wp-json\/wp\/v2\/posts\/5498\/revisions"}],"predecessor-version":[{"id":5505,"href":"https:\/\/aemarvao.edu.gov.pt\/site\/wp-json\/wp\/v2\/posts\/5498\/revisions\/5505"}],"wp:featuredmedia":[{"embeddable":true,"href":"https:\/\/aemarvao.edu.gov.pt\/site\/wp-json\/wp\/v2\/media\/5503"}],"wp:attachment":[{"href":"https:\/\/aemarvao.edu.gov.pt\/site\/wp-json\/wp\/v2\/media?parent=5498"}],"wp:term":[{"taxonomy":"category","embeddable":true,"href":"https:\/\/aemarvao.edu.gov.pt\/site\/wp-json\/wp\/v2\/categories?post=5498"},{"taxonomy":"post_tag","embeddable":true,"href":"https:\/\/aemarvao.edu.gov.pt\/site\/wp-json\/wp\/v2\/tags?post=5498"}],"curies":[{"name":"wp","href":"https:\/\/api.w.org\/{rel}","templated":true}]}}