{"id":5493,"date":"2025-12-09T20:35:35","date_gmt":"2025-12-09T20:35:35","guid":{"rendered":"https:\/\/aemarvao.edu.gov.pt\/site\/?p=5493"},"modified":"2025-12-09T20:58:24","modified_gmt":"2025-12-09T20:58:24","slug":"dia-internacional-das-pessoas-com-deficiencia-3","status":"publish","type":"post","link":"https:\/\/aemarvao.edu.gov.pt\/site\/dia-internacional-das-pessoas-com-deficiencia-3\/","title":{"rendered":"Dia Internacional das Pessoas com Defici\u00eancia"},"content":{"rendered":"<div dir=\"auto\">O Agrupamento de Escolas de Marv\u00e3o assinalou o Dia Internacional das Pessoas com Defici\u00eancia, com uma atividade especialmente dirigida \u00e0s crian\u00e7as do pr\u00e9-escolar. A iniciativa foi proposta pelas Docentes de Educa\u00e7\u00e3o Especial e T\u00e9cnicas Especializadas, tendo sido dinamizada pela Assistente Social, Mariana Matos, e pela Terapeuta da Fala, Ana Pires.<\/div>\n<div dir=\"auto\">A sess\u00e3o contou com a presen\u00e7a da psic\u00f3loga e autora do livro &#8220;Miguel e a Fuga dos Pensamentos&#8221;, Teresa Martins Matos, que apresentou a sua obra aos mais pequenos. As crian\u00e7as mostraram-se muito atentas durante a leitura e revelaram grande curiosidade pela hist\u00f3ria, participando com entusiasmo. A atividade refor\u00e7ou a import\u00e2ncia da inclus\u00e3o, da express\u00e3o emocional e da valoriza\u00e7\u00e3o da diversidade desde a primeira inf\u00e2ncia.<\/div>\n<div dir=\"auto\"><a href=\"https:\/\/aemarvao.edu.gov.pt\/site\/wp-content\/uploads\/2025\/12\/594157871_1293406619494779_2388632452267390349_n.jpg\"><img loading=\"lazy\" class=\"aligncenter size-medium wp-image-5494\" src=\"https:\/\/aemarvao.edu.gov.pt\/site\/wp-content\/uploads\/2025\/12\/594157871_1293406619494779_2388632452267390349_n-225x300.jpg\" alt=\"\" width=\"225\" height=\"300\" srcset=\"https:\/\/aemarvao.edu.gov.pt\/site\/wp-content\/uploads\/2025\/12\/594157871_1293406619494779_2388632452267390349_n-225x300.jpg 225w, https:\/\/aemarvao.edu.gov.pt\/site\/wp-content\/uploads\/2025\/12\/594157871_1293406619494779_2388632452267390349_n-768x1024.jpg 768w, https:\/\/aemarvao.edu.gov.pt\/site\/wp-content\/uploads\/2025\/12\/594157871_1293406619494779_2388632452267390349_n-1152x1536.jpg 1152w, https:\/\/aemarvao.edu.gov.pt\/site\/wp-content\/uploads\/2025\/12\/594157871_1293406619494779_2388632452267390349_n.jpg 1536w\" sizes=\"(max-width: 225px) 100vw, 225px\" \/><\/a><\/div>\n<div dir=\"auto\"><a href=\"https:\/\/aemarvao.edu.gov.pt\/site\/wp-content\/uploads\/2025\/12\/595666572_1293405602828214_3078944523761660130_n.jpg\"><img loading=\"lazy\" class=\"aligncenter size-medium wp-image-5495\" src=\"https:\/\/aemarvao.edu.gov.pt\/site\/wp-content\/uploads\/2025\/12\/595666572_1293405602828214_3078944523761660130_n-225x300.jpg\" alt=\"\" width=\"225\" height=\"300\" srcset=\"https:\/\/aemarvao.edu.gov.pt\/site\/wp-content\/uploads\/2025\/12\/595666572_1293405602828214_3078944523761660130_n-225x300.jpg 225w, https:\/\/aemarvao.edu.gov.pt\/site\/wp-content\/uploads\/2025\/12\/595666572_1293405602828214_3078944523761660130_n-768x1024.jpg 768w, https:\/\/aemarvao.edu.gov.pt\/site\/wp-content\/uploads\/2025\/12\/595666572_1293405602828214_3078944523761660130_n-1152x1536.jpg 1152w, https:\/\/aemarvao.edu.gov.pt\/site\/wp-content\/uploads\/2025\/12\/595666572_1293405602828214_3078944523761660130_n.jpg 1536w\" sizes=\"(max-width: 225px) 100vw, 225px\" \/><\/a><\/div>\n","protected":false},"excerpt":{"rendered":"<p>O Agrupamento de Escolas de Marv\u00e3o assinalou o Dia Internacional das Pessoas com Defici\u00eancia, com uma atividade especialmente dirigida \u00e0s crian\u00e7as do pr\u00e9-escolar. A iniciativa foi proposta pelas Docentes de Educa\u00e7\u00e3o Especial e T\u00e9cnicas Especializadas, tendo sido dinamizada pela Assistente Social, Mariana Matos, e pela Terapeuta da Fala, Ana Pires. A sess\u00e3o contou com a &hellip; <\/p>\n<p class=\"link-more\"><a href=\"https:\/\/aemarvao.edu.gov.pt\/site\/dia-internacional-das-pessoas-com-deficiencia-3\/\" class=\"more-link\">Continuar a ler <span class=\"screen-reader-text\">&#8220;Dia Internacional das Pessoas com Defici\u00eancia&#8221;<\/span><\/a><\/p>\n","protected":false},"author":1,"featured_media":5495,"comment_status":"open","ping_status":"open","sticky":false,"template":"","format":"standard","meta":[],"categories":[],"tags":[],"_links":{"self":[{"href":"https:\/\/aemarvao.edu.gov.pt\/site\/wp-json\/wp\/v2\/posts\/5493"}],"collection":[{"href":"https:\/\/aemarvao.edu.gov.pt\/site\/wp-json\/wp\/v2\/posts"}],"about":[{"href":"https:\/\/aemarvao.edu.gov.pt\/site\/wp-json\/wp\/v2\/types\/post"}],"author":[{"embeddable":true,"href":"https:\/\/aemarvao.edu.gov.pt\/site\/wp-json\/wp\/v2\/users\/1"}],"replies":[{"embeddable":true,"href":"https:\/\/aemarvao.edu.gov.pt\/site\/wp-json\/wp\/v2\/comments?post=5493"}],"version-history":[{"count":2,"href":"https:\/\/aemarvao.edu.gov.pt\/site\/wp-json\/wp\/v2\/posts\/5493\/revisions"}],"predecessor-version":[{"id":5497,"href":"https:\/\/aemarvao.edu.gov.pt\/site\/wp-json\/wp\/v2\/posts\/5493\/revisions\/5497"}],"wp:featuredmedia":[{"embeddable":true,"href":"https:\/\/aemarvao.edu.gov.pt\/site\/wp-json\/wp\/v2\/media\/5495"}],"wp:attachment":[{"href":"https:\/\/aemarvao.edu.gov.pt\/site\/wp-json\/wp\/v2\/media?parent=5493"}],"wp:term":[{"taxonomy":"category","embeddable":true,"href":"https:\/\/aemarvao.edu.gov.pt\/site\/wp-json\/wp\/v2\/categories?post=5493"},{"taxonomy":"post_tag","embeddable":true,"href":"https:\/\/aemarvao.edu.gov.pt\/site\/wp-json\/wp\/v2\/tags?post=5493"}],"curies":[{"name":"wp","href":"https:\/\/api.w.org\/{rel}","templated":true}]}}