{"id":5089,"date":"2025-01-23T12:43:42","date_gmt":"2025-01-23T12:43:42","guid":{"rendered":"https:\/\/aemarvao.edu.gov.pt\/site\/?p=5089"},"modified":"2025-01-23T12:43:42","modified_gmt":"2025-01-23T12:43:42","slug":"ler-camoes","status":"publish","type":"post","link":"https:\/\/aemarvao.edu.gov.pt\/site\/ler-camoes\/","title":{"rendered":"LER CAM\u00d5ES"},"content":{"rendered":"<p>Os alunos do 6.\u00baA e do 8.\u00baA aderiram \u00e0 Iniciativa de<strong> leitura simult\u00e2nea de textos camonianos ou a partir da sua obra,\u00a0<\/strong>promovida pela Rede de Bibliotecas Escolares (RBE).<\/p>\n<p>Trata-se de uma experi\u00eancia coletiva de leitura e aprecia\u00e7\u00e3o da obra de Cam\u00f5es, \u00e0 escala nacional e internacional, fortalecendo o v\u00ednculo cultural com a obra do poeta, atrav\u00e9s de uma a\u00e7\u00e3o sincronizada que una os alunos de todas as faixas et\u00e1rias em torno do legado camoniano.<\/p>\n<p>Aqui fica o nosso contributo:<\/p>\n<p><iframe loading=\"lazy\" title=\"AE Marv\u00e3o-8.\u00baA\" width=\"525\" height=\"295\" src=\"https:\/\/www.youtube.com\/embed\/h5Knx8Bm9yo?feature=oembed\" frameborder=\"0\" allow=\"accelerometer; autoplay; clipboard-write; encrypted-media; gyroscope; picture-in-picture; web-share\" referrerpolicy=\"strict-origin-when-cross-origin\" allowfullscreen><\/iframe><\/p>\n<p><iframe loading=\"lazy\" title=\"AE Marv\u00e3o-6.\u00baA\" width=\"525\" height=\"295\" src=\"https:\/\/www.youtube.com\/embed\/NAcaMZook20?feature=oembed\" frameborder=\"0\" allow=\"accelerometer; autoplay; clipboard-write; encrypted-media; gyroscope; picture-in-picture; web-share\" referrerpolicy=\"strict-origin-when-cross-origin\" allowfullscreen><\/iframe><\/p>\n<p>&nbsp;<\/p>\n","protected":false},"excerpt":{"rendered":"<p>Os alunos do 6.\u00baA e do 8.\u00baA aderiram \u00e0 Iniciativa de leitura simult\u00e2nea de textos camonianos ou a partir da sua obra,\u00a0promovida pela Rede de Bibliotecas Escolares (RBE). Trata-se de uma experi\u00eancia coletiva de leitura e aprecia\u00e7\u00e3o da obra de Cam\u00f5es, \u00e0 escala nacional e internacional, fortalecendo o v\u00ednculo cultural com a obra do poeta, &hellip; <\/p>\n<p class=\"link-more\"><a href=\"https:\/\/aemarvao.edu.gov.pt\/site\/ler-camoes\/\" class=\"more-link\">Continuar a ler <span class=\"screen-reader-text\">&#8220;LER CAM\u00d5ES&#8221;<\/span><\/a><\/p>\n","protected":false},"author":1,"featured_media":5090,"comment_status":"open","ping_status":"open","sticky":false,"template":"","format":"standard","meta":[],"categories":[1],"tags":[],"_links":{"self":[{"href":"https:\/\/aemarvao.edu.gov.pt\/site\/wp-json\/wp\/v2\/posts\/5089"}],"collection":[{"href":"https:\/\/aemarvao.edu.gov.pt\/site\/wp-json\/wp\/v2\/posts"}],"about":[{"href":"https:\/\/aemarvao.edu.gov.pt\/site\/wp-json\/wp\/v2\/types\/post"}],"author":[{"embeddable":true,"href":"https:\/\/aemarvao.edu.gov.pt\/site\/wp-json\/wp\/v2\/users\/1"}],"replies":[{"embeddable":true,"href":"https:\/\/aemarvao.edu.gov.pt\/site\/wp-json\/wp\/v2\/comments?post=5089"}],"version-history":[{"count":1,"href":"https:\/\/aemarvao.edu.gov.pt\/site\/wp-json\/wp\/v2\/posts\/5089\/revisions"}],"predecessor-version":[{"id":5091,"href":"https:\/\/aemarvao.edu.gov.pt\/site\/wp-json\/wp\/v2\/posts\/5089\/revisions\/5091"}],"wp:featuredmedia":[{"embeddable":true,"href":"https:\/\/aemarvao.edu.gov.pt\/site\/wp-json\/wp\/v2\/media\/5090"}],"wp:attachment":[{"href":"https:\/\/aemarvao.edu.gov.pt\/site\/wp-json\/wp\/v2\/media?parent=5089"}],"wp:term":[{"taxonomy":"category","embeddable":true,"href":"https:\/\/aemarvao.edu.gov.pt\/site\/wp-json\/wp\/v2\/categories?post=5089"},{"taxonomy":"post_tag","embeddable":true,"href":"https:\/\/aemarvao.edu.gov.pt\/site\/wp-json\/wp\/v2\/tags?post=5089"}],"curies":[{"name":"wp","href":"https:\/\/api.w.org\/{rel}","templated":true}]}}