{"id":5044,"date":"2024-12-03T14:43:24","date_gmt":"2024-12-03T14:43:24","guid":{"rendered":"https:\/\/aemarvao.edu.gov.pt\/site\/?p=5044"},"modified":"2024-12-03T14:43:24","modified_gmt":"2024-12-03T14:43:24","slug":"dia-internacional-das-pessoas-com-deficiencia","status":"publish","type":"post","link":"https:\/\/aemarvao.edu.gov.pt\/site\/dia-internacional-das-pessoas-com-deficiencia\/","title":{"rendered":"Dia Internacional das Pessoas com Defici\u00eancia"},"content":{"rendered":"<div dir=\"auto\">O Dia Internacional das Pessoas com Defici\u00eancia assinala-se, anualmente, a 3 de dezembro. A data foi institu\u00edda pela Organiza\u00e7\u00e3o das Na\u00e7\u00f5es Unidas em 1992, com o intuito de promover a sensibiliza\u00e7\u00e3o e a reflex\u00e3o sobre as dificuldades que as pessoas com defici\u00eancia enfrentam, de modo a tornar a sociedade mais inclusiva e acess\u00edvel.<\/div>\n<div dir=\"auto\">Este ano, para celebrar a diferen\u00e7a, desafi\u00e1mos o Bernardo Almeida (7.\u00baA), a Kyara Viegas (7.\u00baA), a Mara Franco (7.\u00baB) e o Artur Vitorino (8.\u00baA) a declamar o poema \u201cIgual-Desigual\u201d, do poeta brasileiro Carlos Drummond de Andrade. Esperamos que gostem!<\/div>\n<div dir=\"auto\"><\/div>\n<div dir=\"auto\">\n<div style=\"width: 525px;\" class=\"wp-video\"><!--[if lt IE 9]><script>document.createElement('video');<\/script><![endif]-->\n<video class=\"wp-video-shortcode\" id=\"video-5044-1\" width=\"525\" height=\"295\" preload=\"metadata\" controls=\"controls\"><source type=\"video\/mp4\" src=\"https:\/\/aemarvao.edu.gov.pt\/site\/wp-content\/uploads\/2024\/12\/469195590_8797476200331561_4395800264520298660_n.mp4?_=1\" \/><a href=\"https:\/\/aemarvao.edu.gov.pt\/site\/wp-content\/uploads\/2024\/12\/469195590_8797476200331561_4395800264520298660_n.mp4\">https:\/\/aemarvao.edu.gov.pt\/site\/wp-content\/uploads\/2024\/12\/469195590_8797476200331561_4395800264520298660_n.mp4<\/a><\/video><\/div>\n<\/div>\n","protected":false},"excerpt":{"rendered":"<p>O Dia Internacional das Pessoas com Defici\u00eancia assinala-se, anualmente, a 3 de dezembro. A data foi institu\u00edda pela Organiza\u00e7\u00e3o das Na\u00e7\u00f5es Unidas em 1992, com o intuito de promover a sensibiliza\u00e7\u00e3o e a reflex\u00e3o sobre as dificuldades que as pessoas com defici\u00eancia enfrentam, de modo a tornar a sociedade mais inclusiva e acess\u00edvel. Este ano, &hellip; <\/p>\n<p class=\"link-more\"><a href=\"https:\/\/aemarvao.edu.gov.pt\/site\/dia-internacional-das-pessoas-com-deficiencia\/\" class=\"more-link\">Continuar a ler <span class=\"screen-reader-text\">&#8220;Dia Internacional das Pessoas com Defici\u00eancia&#8221;<\/span><\/a><\/p>\n","protected":false},"author":1,"featured_media":5046,"comment_status":"open","ping_status":"open","sticky":false,"template":"","format":"standard","meta":[],"categories":[1],"tags":[],"_links":{"self":[{"href":"https:\/\/aemarvao.edu.gov.pt\/site\/wp-json\/wp\/v2\/posts\/5044"}],"collection":[{"href":"https:\/\/aemarvao.edu.gov.pt\/site\/wp-json\/wp\/v2\/posts"}],"about":[{"href":"https:\/\/aemarvao.edu.gov.pt\/site\/wp-json\/wp\/v2\/types\/post"}],"author":[{"embeddable":true,"href":"https:\/\/aemarvao.edu.gov.pt\/site\/wp-json\/wp\/v2\/users\/1"}],"replies":[{"embeddable":true,"href":"https:\/\/aemarvao.edu.gov.pt\/site\/wp-json\/wp\/v2\/comments?post=5044"}],"version-history":[{"count":1,"href":"https:\/\/aemarvao.edu.gov.pt\/site\/wp-json\/wp\/v2\/posts\/5044\/revisions"}],"predecessor-version":[{"id":5047,"href":"https:\/\/aemarvao.edu.gov.pt\/site\/wp-json\/wp\/v2\/posts\/5044\/revisions\/5047"}],"wp:featuredmedia":[{"embeddable":true,"href":"https:\/\/aemarvao.edu.gov.pt\/site\/wp-json\/wp\/v2\/media\/5046"}],"wp:attachment":[{"href":"https:\/\/aemarvao.edu.gov.pt\/site\/wp-json\/wp\/v2\/media?parent=5044"}],"wp:term":[{"taxonomy":"category","embeddable":true,"href":"https:\/\/aemarvao.edu.gov.pt\/site\/wp-json\/wp\/v2\/categories?post=5044"},{"taxonomy":"post_tag","embeddable":true,"href":"https:\/\/aemarvao.edu.gov.pt\/site\/wp-json\/wp\/v2\/tags?post=5044"}],"curies":[{"name":"wp","href":"https:\/\/api.w.org\/{rel}","templated":true}]}}