{"id":5038,"date":"2024-11-27T14:20:02","date_gmt":"2024-11-27T14:20:02","guid":{"rendered":"https:\/\/aemarvao.edu.gov.pt\/site\/?p=5038"},"modified":"2024-11-27T14:21:14","modified_gmt":"2024-11-27T14:21:14","slug":"feira-de-fosseis-e-minerais","status":"publish","type":"post","link":"https:\/\/aemarvao.edu.gov.pt\/site\/feira-de-fosseis-e-minerais\/","title":{"rendered":"Feira de F\u00f3sseis e Minerais"},"content":{"rendered":"<div data-olk-copy-source=\"MessageBody\">No \u00e2mbito da diversifica\u00e7\u00e3o das atividades de divulga\u00e7\u00e3o cient\u00edfica e de valoriza\u00e7\u00e3o do conhecimento geol\u00f3gico, realizar-se-\u00e1 na Biblioteca da Escola B\u00e1sica de Ammaia, entre 9 e 13 de dezembro a Feira de F\u00f3sseis e Minerais. Os fundos que se angariem com a mesma, visar\u00e3o a aquisi\u00e7\u00e3o de materiais pedag\u00f3gicos para o desenvolvimento de atividades experimentais na \u00e1rea das Ci\u00eancias Naturais.<\/div>\n<div>Considerando o interesse que a tem\u00e1tica da feira possa suscitar, a mesma encontrar-se-\u00e1 aberta \u00e0 comunidade educativa nas tardes de segunda-feira, dia 9, e quarta-feira, dia 11, entre as 14:00 e as 16:30.<\/div>\n<div>.<\/div>\n<p><a href=\"https:\/\/aemarvao.edu.gov.pt\/site\/wp-content\/uploads\/2024\/11\/Feira_Fosseis_Minerais_2024.jpg\"><img loading=\"lazy\" class=\"alignnone size-full wp-image-5040\" src=\"https:\/\/aemarvao.edu.gov.pt\/site\/wp-content\/uploads\/2024\/11\/Feira_Fosseis_Minerais_2024.jpg\" alt=\"\" width=\"595\" height=\"841\" srcset=\"https:\/\/aemarvao.edu.gov.pt\/site\/wp-content\/uploads\/2024\/11\/Feira_Fosseis_Minerais_2024.jpg 595w, https:\/\/aemarvao.edu.gov.pt\/site\/wp-content\/uploads\/2024\/11\/Feira_Fosseis_Minerais_2024-212x300.jpg 212w\" sizes=\"(max-width: 595px) 100vw, 595px\" \/><\/a><\/p>\n","protected":false},"excerpt":{"rendered":"<p>No \u00e2mbito da diversifica\u00e7\u00e3o das atividades de divulga\u00e7\u00e3o cient\u00edfica e de valoriza\u00e7\u00e3o do conhecimento geol\u00f3gico, realizar-se-\u00e1 na Biblioteca da Escola B\u00e1sica de Ammaia, entre 9 e 13 de dezembro a Feira de F\u00f3sseis e Minerais. Os fundos que se angariem com a mesma, visar\u00e3o a aquisi\u00e7\u00e3o de materiais pedag\u00f3gicos para o desenvolvimento de atividades experimentais &hellip; <\/p>\n<p class=\"link-more\"><a href=\"https:\/\/aemarvao.edu.gov.pt\/site\/feira-de-fosseis-e-minerais\/\" class=\"more-link\">Continuar a ler <span class=\"screen-reader-text\">&#8220;Feira de F\u00f3sseis e Minerais&#8221;<\/span><\/a><\/p>\n","protected":false},"author":1,"featured_media":5040,"comment_status":"open","ping_status":"open","sticky":false,"template":"","format":"standard","meta":[],"categories":[1],"tags":[],"_links":{"self":[{"href":"https:\/\/aemarvao.edu.gov.pt\/site\/wp-json\/wp\/v2\/posts\/5038"}],"collection":[{"href":"https:\/\/aemarvao.edu.gov.pt\/site\/wp-json\/wp\/v2\/posts"}],"about":[{"href":"https:\/\/aemarvao.edu.gov.pt\/site\/wp-json\/wp\/v2\/types\/post"}],"author":[{"embeddable":true,"href":"https:\/\/aemarvao.edu.gov.pt\/site\/wp-json\/wp\/v2\/users\/1"}],"replies":[{"embeddable":true,"href":"https:\/\/aemarvao.edu.gov.pt\/site\/wp-json\/wp\/v2\/comments?post=5038"}],"version-history":[{"count":2,"href":"https:\/\/aemarvao.edu.gov.pt\/site\/wp-json\/wp\/v2\/posts\/5038\/revisions"}],"predecessor-version":[{"id":5042,"href":"https:\/\/aemarvao.edu.gov.pt\/site\/wp-json\/wp\/v2\/posts\/5038\/revisions\/5042"}],"wp:featuredmedia":[{"embeddable":true,"href":"https:\/\/aemarvao.edu.gov.pt\/site\/wp-json\/wp\/v2\/media\/5040"}],"wp:attachment":[{"href":"https:\/\/aemarvao.edu.gov.pt\/site\/wp-json\/wp\/v2\/media?parent=5038"}],"wp:term":[{"taxonomy":"category","embeddable":true,"href":"https:\/\/aemarvao.edu.gov.pt\/site\/wp-json\/wp\/v2\/categories?post=5038"},{"taxonomy":"post_tag","embeddable":true,"href":"https:\/\/aemarvao.edu.gov.pt\/site\/wp-json\/wp\/v2\/tags?post=5038"}],"curies":[{"name":"wp","href":"https:\/\/api.w.org\/{rel}","templated":true}]}}