{"id":4723,"date":"2024-05-13T22:04:17","date_gmt":"2024-05-13T22:04:17","guid":{"rendered":"https:\/\/aemarvao.edu.gov.pt\/site\/?p=4723"},"modified":"2024-05-13T22:04:17","modified_gmt":"2024-05-13T22:04:17","slug":"campeonato-regional-de-natacao","status":"publish","type":"post","link":"https:\/\/aemarvao.edu.gov.pt\/site\/campeonato-regional-de-natacao\/","title":{"rendered":"Campeonato Regional de Nata\u00e7\u00e3o"},"content":{"rendered":"<div class=\"x_elementToProof\">Os alunos do Agrupamento de Escolas de Marv\u00e3o fizeram-se deslocar numa comitiva de 5 atletas, 2 ju\u00edzes \u00e1rbitros e do professor Rui Carrilho at\u00e9 Sines para realizarem a sua participa\u00e7\u00e3o no Campeonato Regional de Nata\u00e7\u00e3o que decorreu nos dias 10 e 11 de maio.<\/div>\n<div class=\"x_elementToProof\">As alunas Beatriz Barroqueiro, Diana Carrilho, Janine Viegas e Margarida Batista obtiveram o 1\u00ba lugar na prova de estafetas nos 4x50m livres. A aluna Margarida Batista obteve um excelente 2\u00ba lugar nos 50m Mariposa.<\/div>\n<div class=\"x_elementToProof\">\u00c9 de salientar a excelente participa\u00e7\u00e3o dos ju\u00edzes \u00e1rbitros Bernardo Almeida e da Leonor Maria durante o decorrer do campeonato.<\/div>\n<div><a href=\"https:\/\/aemarvao.edu.gov.pt\/site\/wp-content\/uploads\/2024\/05\/IMG_20240510_194619.jpg\"><img loading=\"lazy\" class=\"alignnone size-full wp-image-4724\" src=\"https:\/\/aemarvao.edu.gov.pt\/site\/wp-content\/uploads\/2024\/05\/IMG_20240510_194619.jpg\" alt=\"\" width=\"600\" height=\"450\" srcset=\"https:\/\/aemarvao.edu.gov.pt\/site\/wp-content\/uploads\/2024\/05\/IMG_20240510_194619.jpg 600w, https:\/\/aemarvao.edu.gov.pt\/site\/wp-content\/uploads\/2024\/05\/IMG_20240510_194619-300x225.jpg 300w\" sizes=\"(max-width: 600px) 100vw, 600px\" \/><\/a> <a href=\"https:\/\/aemarvao.edu.gov.pt\/site\/wp-content\/uploads\/2024\/05\/IMG_20240510_214401.jpg\"><img loading=\"lazy\" class=\"alignnone size-full wp-image-4725\" src=\"https:\/\/aemarvao.edu.gov.pt\/site\/wp-content\/uploads\/2024\/05\/IMG_20240510_214401.jpg\" alt=\"\" width=\"600\" height=\"450\" srcset=\"https:\/\/aemarvao.edu.gov.pt\/site\/wp-content\/uploads\/2024\/05\/IMG_20240510_214401.jpg 600w, https:\/\/aemarvao.edu.gov.pt\/site\/wp-content\/uploads\/2024\/05\/IMG_20240510_214401-300x225.jpg 300w\" sizes=\"(max-width: 600px) 100vw, 600px\" \/><\/a> <a href=\"https:\/\/aemarvao.edu.gov.pt\/site\/wp-content\/uploads\/2024\/05\/IMG_20240511_110547.jpg\"><img loading=\"lazy\" class=\"alignnone size-full wp-image-4726\" src=\"https:\/\/aemarvao.edu.gov.pt\/site\/wp-content\/uploads\/2024\/05\/IMG_20240511_110547.jpg\" alt=\"\" width=\"600\" height=\"450\" srcset=\"https:\/\/aemarvao.edu.gov.pt\/site\/wp-content\/uploads\/2024\/05\/IMG_20240511_110547.jpg 600w, https:\/\/aemarvao.edu.gov.pt\/site\/wp-content\/uploads\/2024\/05\/IMG_20240511_110547-300x225.jpg 300w\" sizes=\"(max-width: 600px) 100vw, 600px\" \/><\/a> <a href=\"https:\/\/aemarvao.edu.gov.pt\/site\/wp-content\/uploads\/2024\/05\/IMG_20240511_105514.jpg\"><img loading=\"lazy\" class=\"alignnone size-full wp-image-4727\" src=\"https:\/\/aemarvao.edu.gov.pt\/site\/wp-content\/uploads\/2024\/05\/IMG_20240511_105514.jpg\" alt=\"\" width=\"600\" height=\"450\" srcset=\"https:\/\/aemarvao.edu.gov.pt\/site\/wp-content\/uploads\/2024\/05\/IMG_20240511_105514.jpg 600w, https:\/\/aemarvao.edu.gov.pt\/site\/wp-content\/uploads\/2024\/05\/IMG_20240511_105514-300x225.jpg 300w\" sizes=\"(max-width: 600px) 100vw, 600px\" \/><\/a><\/div>\n","protected":false},"excerpt":{"rendered":"<p>Os alunos do Agrupamento de Escolas de Marv\u00e3o fizeram-se deslocar numa comitiva de 5 atletas, 2 ju\u00edzes \u00e1rbitros e do professor Rui Carrilho at\u00e9 Sines para realizarem a sua participa\u00e7\u00e3o no Campeonato Regional de Nata\u00e7\u00e3o que decorreu nos dias 10 e 11 de maio. As alunas Beatriz Barroqueiro, Diana Carrilho, Janine Viegas e Margarida Batista &hellip; <\/p>\n<p class=\"link-more\"><a href=\"https:\/\/aemarvao.edu.gov.pt\/site\/campeonato-regional-de-natacao\/\" class=\"more-link\">Continuar a ler <span class=\"screen-reader-text\">&#8220;Campeonato Regional de Nata\u00e7\u00e3o&#8221;<\/span><\/a><\/p>\n","protected":false},"author":1,"featured_media":1729,"comment_status":"open","ping_status":"open","sticky":false,"template":"","format":"standard","meta":[],"categories":[1],"tags":[],"_links":{"self":[{"href":"https:\/\/aemarvao.edu.gov.pt\/site\/wp-json\/wp\/v2\/posts\/4723"}],"collection":[{"href":"https:\/\/aemarvao.edu.gov.pt\/site\/wp-json\/wp\/v2\/posts"}],"about":[{"href":"https:\/\/aemarvao.edu.gov.pt\/site\/wp-json\/wp\/v2\/types\/post"}],"author":[{"embeddable":true,"href":"https:\/\/aemarvao.edu.gov.pt\/site\/wp-json\/wp\/v2\/users\/1"}],"replies":[{"embeddable":true,"href":"https:\/\/aemarvao.edu.gov.pt\/site\/wp-json\/wp\/v2\/comments?post=4723"}],"version-history":[{"count":1,"href":"https:\/\/aemarvao.edu.gov.pt\/site\/wp-json\/wp\/v2\/posts\/4723\/revisions"}],"predecessor-version":[{"id":4728,"href":"https:\/\/aemarvao.edu.gov.pt\/site\/wp-json\/wp\/v2\/posts\/4723\/revisions\/4728"}],"wp:featuredmedia":[{"embeddable":true,"href":"https:\/\/aemarvao.edu.gov.pt\/site\/wp-json\/wp\/v2\/media\/1729"}],"wp:attachment":[{"href":"https:\/\/aemarvao.edu.gov.pt\/site\/wp-json\/wp\/v2\/media?parent=4723"}],"wp:term":[{"taxonomy":"category","embeddable":true,"href":"https:\/\/aemarvao.edu.gov.pt\/site\/wp-json\/wp\/v2\/categories?post=4723"},{"taxonomy":"post_tag","embeddable":true,"href":"https:\/\/aemarvao.edu.gov.pt\/site\/wp-json\/wp\/v2\/tags?post=4723"}],"curies":[{"name":"wp","href":"https:\/\/api.w.org\/{rel}","templated":true}]}}