{"id":4271,"date":"2023-08-03T15:08:26","date_gmt":"2023-08-03T15:08:26","guid":{"rendered":"https:\/\/aemarvao.edu.gov.pt\/site\/?p=4271"},"modified":"2023-08-03T15:15:20","modified_gmt":"2023-08-03T15:15:20","slug":"portefolio-de-evidencias-das-atividades-do-ae-marvao2022-23","status":"publish","type":"post","link":"https:\/\/aemarvao.edu.gov.pt\/site\/portefolio-de-evidencias-das-atividades-do-ae-marvao2022-23\/","title":{"rendered":"Portef\u00f3lio de evid\u00eancias das atividades do AE Marv\u00e3o|2022-23"},"content":{"rendered":"<div class=\"x_elementToProof\">Tal como solicitado pela DGEstE, aqui fica uma apresenta\u00e7\u00e3o com\u00a0 evid\u00eancias de algumas atividades que se realizaram no Agrupamento de Escolas de Marv\u00e3o, no ano letivo 2022-23.<\/div>\n<div class=\"x_elementToProof\">Mais se informa que clicando em cada atividade referida, abrir\u00e1 um conjunto de fotos e v\u00eddeos da atividade mencionada.<\/div>\n<div class=\"x_elementToProof\">Segue o link para poderem visualizar o portef\u00f3lio mencionado:<\/div>\n<div><a href=\"https:\/\/padlet.com\/carlosmbcastelinho\/agrupamento-de-escolas-de-marv-o-2oby89jb02j15zbq\">https:\/\/padlet.com\/carlosmbcastelinho\/agrupamento-de-escolas-de-marv-o-2oby89jb02j15zbq<\/a><\/div>\n","protected":false},"excerpt":{"rendered":"<p>Tal como solicitado pela DGEstE, aqui fica uma apresenta\u00e7\u00e3o com\u00a0 evid\u00eancias de algumas atividades que se realizaram no Agrupamento de Escolas de Marv\u00e3o, no ano letivo 2022-23. Mais se informa que clicando em cada atividade referida, abrir\u00e1 um conjunto de fotos e v\u00eddeos da atividade mencionada. Segue o link para poderem visualizar o portef\u00f3lio mencionado: &hellip; <\/p>\n<p class=\"link-more\"><a href=\"https:\/\/aemarvao.edu.gov.pt\/site\/portefolio-de-evidencias-das-atividades-do-ae-marvao2022-23\/\" class=\"more-link\">Continuar a ler <span class=\"screen-reader-text\">&#8220;Portef\u00f3lio de evid\u00eancias das atividades do AE Marv\u00e3o|2022-23&#8221;<\/span><\/a><\/p>\n","protected":false},"author":1,"featured_media":4274,"comment_status":"open","ping_status":"open","sticky":false,"template":"","format":"standard","meta":[],"categories":[1],"tags":[],"_links":{"self":[{"href":"https:\/\/aemarvao.edu.gov.pt\/site\/wp-json\/wp\/v2\/posts\/4271"}],"collection":[{"href":"https:\/\/aemarvao.edu.gov.pt\/site\/wp-json\/wp\/v2\/posts"}],"about":[{"href":"https:\/\/aemarvao.edu.gov.pt\/site\/wp-json\/wp\/v2\/types\/post"}],"author":[{"embeddable":true,"href":"https:\/\/aemarvao.edu.gov.pt\/site\/wp-json\/wp\/v2\/users\/1"}],"replies":[{"embeddable":true,"href":"https:\/\/aemarvao.edu.gov.pt\/site\/wp-json\/wp\/v2\/comments?post=4271"}],"version-history":[{"count":1,"href":"https:\/\/aemarvao.edu.gov.pt\/site\/wp-json\/wp\/v2\/posts\/4271\/revisions"}],"predecessor-version":[{"id":4273,"href":"https:\/\/aemarvao.edu.gov.pt\/site\/wp-json\/wp\/v2\/posts\/4271\/revisions\/4273"}],"wp:featuredmedia":[{"embeddable":true,"href":"https:\/\/aemarvao.edu.gov.pt\/site\/wp-json\/wp\/v2\/media\/4274"}],"wp:attachment":[{"href":"https:\/\/aemarvao.edu.gov.pt\/site\/wp-json\/wp\/v2\/media?parent=4271"}],"wp:term":[{"taxonomy":"category","embeddable":true,"href":"https:\/\/aemarvao.edu.gov.pt\/site\/wp-json\/wp\/v2\/categories?post=4271"},{"taxonomy":"post_tag","embeddable":true,"href":"https:\/\/aemarvao.edu.gov.pt\/site\/wp-json\/wp\/v2\/tags?post=4271"}],"curies":[{"name":"wp","href":"https:\/\/api.w.org\/{rel}","templated":true}]}}