{"id":4254,"date":"2023-06-30T17:27:38","date_gmt":"2023-06-30T17:27:38","guid":{"rendered":"https:\/\/aemarvao.edu.gov.pt\/site\/?p=4254"},"modified":"2023-06-30T17:27:38","modified_gmt":"2023-06-30T17:27:38","slug":"pintores-a-la-carte","status":"publish","type":"post","link":"https:\/\/aemarvao.edu.gov.pt\/site\/pintores-a-la-carte\/","title":{"rendered":"Pintores &#8220;\u00c0 la carte&#8221;"},"content":{"rendered":"<div class=\"xdj266r x11i5rnm xat24cr x1mh8g0r x1vvkbs x126k92a\">\n<div dir=\"auto\">Realizou-se, esta manh\u00e3, na Casa da Cultura de Marv\u00e3o, a inaugura\u00e7\u00e3o da Exposi\u00e7\u00e3o \u201cPintores a la Carte\u201d, com a presen\u00e7a das turmas de pr\u00e9-escolar e 1\u00ba ciclo do Agrupamento de Escolas do Concelho.<\/div>\n<\/div>\n<div class=\"x11i5rnm xat24cr x1mh8g0r x1vvkbs xtlvy1s x126k92a\">\n<div dir=\"auto\">A sess\u00e3o inaugural contou com as interven\u00e7\u00f5es do vice-presidente do Munic\u00edpio de Marv\u00e3o, Prof. Lu\u00eds Costa, do diretor do Agrupamento de Escolas, Prof. Jos\u00e9 Maria Pires, e da Prof. Isabel Ludovino, representante do grupo de trabalho.<\/div>\n<\/div>\n<div class=\"x11i5rnm xat24cr x1mh8g0r x1vvkbs xtlvy1s x126k92a\">\n<div dir=\"auto\">Para terminar esta sess\u00e3o da melhor forma, o Prof. Ant\u00f3nio Picado e as crian\u00e7as proporcionaram, ao p\u00fablico presente, um brilhante e animado momento musical.<\/div>\n<\/div>\n<div class=\"x11i5rnm xat24cr x1mh8g0r x1vvkbs xtlvy1s x126k92a\">\n<div dir=\"auto\">Ao longo do ano letivo que agora termina, pintores de renome foram apresentados a artistas de palmo e meio, entre os 3 e 11 anos, que pesquisaram e aprenderam sobre as suas vidas, as suas \u00e9pocas e as suas t\u00e9cnicas.<\/div>\n<\/div>\n<div class=\"x11i5rnm xat24cr x1mh8g0r x1vvkbs xtlvy1s x126k92a\">\n<div dir=\"auto\">O resultado do trabalho desenvolvido na disciplina de Artes Visuais, sob a orienta\u00e7\u00e3o da Prof. Lina Caixeiro, pode ser apreciado at\u00e9 ao pr\u00f3ximo dia 9 de julho, na Casa da Cultura de Marv\u00e3o.<\/div>\n<\/div>\n<div class=\"x11i5rnm xat24cr x1mh8g0r x1vvkbs xtlvy1s x126k92a\">\n<div dir=\"auto\"><span class=\"x3nfvp2 x1j61x8r x1fcty0u xdj266r xhhsvwb xat24cr xgzva0m xxymvpz xlup9mm x1kky2od\"><img loading=\"lazy\" src=\"https:\/\/static.xx.fbcdn.net\/images\/emoji.php\/v9\/taa\/1.5\/16\/1f449.png\" alt=\"&#x1f449;\" width=\"16\" height=\"16\" \/><\/span> Todos os dias, entre as 10h00 e as 17h00. Aproveite!<\/div>\n<div dir=\"auto\"><a href=\"https:\/\/aemarvao.edu.gov.pt\/site\/wp-content\/uploads\/2023\/06\/347250305_653578449994987_2937013763565137366_n.jpg\"><img loading=\"lazy\" class=\"alignnone size-full wp-image-4255\" src=\"https:\/\/aemarvao.edu.gov.pt\/site\/wp-content\/uploads\/2023\/06\/347250305_653578449994987_2937013763565137366_n.jpg\" alt=\"\" width=\"2048\" height=\"1365\" srcset=\"https:\/\/aemarvao.edu.gov.pt\/site\/wp-content\/uploads\/2023\/06\/347250305_653578449994987_2937013763565137366_n.jpg 2048w, https:\/\/aemarvao.edu.gov.pt\/site\/wp-content\/uploads\/2023\/06\/347250305_653578449994987_2937013763565137366_n-300x200.jpg 300w, https:\/\/aemarvao.edu.gov.pt\/site\/wp-content\/uploads\/2023\/06\/347250305_653578449994987_2937013763565137366_n-1024x683.jpg 1024w, https:\/\/aemarvao.edu.gov.pt\/site\/wp-content\/uploads\/2023\/06\/347250305_653578449994987_2937013763565137366_n-768x512.jpg 768w, https:\/\/aemarvao.edu.gov.pt\/site\/wp-content\/uploads\/2023\/06\/347250305_653578449994987_2937013763565137366_n-1536x1024.jpg 1536w\" sizes=\"(max-width: 706px) 89vw, (max-width: 767px) 82vw, 740px\" \/><\/a> <a href=\"https:\/\/aemarvao.edu.gov.pt\/site\/wp-content\/uploads\/2023\/06\/347250310_653578406661658_5232584615913909281_n.jpg\"><img loading=\"lazy\" class=\"alignnone size-full wp-image-4256\" src=\"https:\/\/aemarvao.edu.gov.pt\/site\/wp-content\/uploads\/2023\/06\/347250310_653578406661658_5232584615913909281_n.jpg\" alt=\"\" width=\"2048\" height=\"1365\" srcset=\"https:\/\/aemarvao.edu.gov.pt\/site\/wp-content\/uploads\/2023\/06\/347250310_653578406661658_5232584615913909281_n.jpg 2048w, https:\/\/aemarvao.edu.gov.pt\/site\/wp-content\/uploads\/2023\/06\/347250310_653578406661658_5232584615913909281_n-300x200.jpg 300w, https:\/\/aemarvao.edu.gov.pt\/site\/wp-content\/uploads\/2023\/06\/347250310_653578406661658_5232584615913909281_n-1024x683.jpg 1024w, https:\/\/aemarvao.edu.gov.pt\/site\/wp-content\/uploads\/2023\/06\/347250310_653578406661658_5232584615913909281_n-768x512.jpg 768w, https:\/\/aemarvao.edu.gov.pt\/site\/wp-content\/uploads\/2023\/06\/347250310_653578406661658_5232584615913909281_n-1536x1024.jpg 1536w\" sizes=\"(max-width: 706px) 89vw, (max-width: 767px) 82vw, 740px\" \/><\/a> <a href=\"https:\/\/aemarvao.edu.gov.pt\/site\/wp-content\/uploads\/2023\/06\/357055637_653579503328215_4708237634944221298_n.jpg\"><img loading=\"lazy\" class=\"alignnone size-full wp-image-4257\" src=\"https:\/\/aemarvao.edu.gov.pt\/site\/wp-content\/uploads\/2023\/06\/357055637_653579503328215_4708237634944221298_n.jpg\" alt=\"\" width=\"2048\" height=\"1365\" srcset=\"https:\/\/aemarvao.edu.gov.pt\/site\/wp-content\/uploads\/2023\/06\/357055637_653579503328215_4708237634944221298_n.jpg 2048w, https:\/\/aemarvao.edu.gov.pt\/site\/wp-content\/uploads\/2023\/06\/357055637_653579503328215_4708237634944221298_n-300x200.jpg 300w, https:\/\/aemarvao.edu.gov.pt\/site\/wp-content\/uploads\/2023\/06\/357055637_653579503328215_4708237634944221298_n-1024x683.jpg 1024w, https:\/\/aemarvao.edu.gov.pt\/site\/wp-content\/uploads\/2023\/06\/357055637_653579503328215_4708237634944221298_n-768x512.jpg 768w, https:\/\/aemarvao.edu.gov.pt\/site\/wp-content\/uploads\/2023\/06\/357055637_653579503328215_4708237634944221298_n-1536x1024.jpg 1536w\" sizes=\"(max-width: 706px) 89vw, (max-width: 767px) 82vw, 740px\" \/><\/a> <a href=\"https:\/\/aemarvao.edu.gov.pt\/site\/wp-content\/uploads\/2023\/06\/357344509_653579626661536_2275687375318593618_n.jpg\"><img loading=\"lazy\" class=\"alignnone size-full wp-image-4258\" src=\"https:\/\/aemarvao.edu.gov.pt\/site\/wp-content\/uploads\/2023\/06\/357344509_653579626661536_2275687375318593618_n.jpg\" alt=\"\" width=\"2048\" height=\"1365\" srcset=\"https:\/\/aemarvao.edu.gov.pt\/site\/wp-content\/uploads\/2023\/06\/357344509_653579626661536_2275687375318593618_n.jpg 2048w, https:\/\/aemarvao.edu.gov.pt\/site\/wp-content\/uploads\/2023\/06\/357344509_653579626661536_2275687375318593618_n-300x200.jpg 300w, https:\/\/aemarvao.edu.gov.pt\/site\/wp-content\/uploads\/2023\/06\/357344509_653579626661536_2275687375318593618_n-1024x683.jpg 1024w, https:\/\/aemarvao.edu.gov.pt\/site\/wp-content\/uploads\/2023\/06\/357344509_653579626661536_2275687375318593618_n-768x512.jpg 768w, https:\/\/aemarvao.edu.gov.pt\/site\/wp-content\/uploads\/2023\/06\/357344509_653579626661536_2275687375318593618_n-1536x1024.jpg 1536w\" sizes=\"(max-width: 706px) 89vw, (max-width: 767px) 82vw, 740px\" \/><\/a> <a href=\"https:\/\/aemarvao.edu.gov.pt\/site\/wp-content\/uploads\/2023\/06\/357359349_653579523328213_7440490830531366775_n.jpg\"><img loading=\"lazy\" class=\"alignnone size-full wp-image-4259\" src=\"https:\/\/aemarvao.edu.gov.pt\/site\/wp-content\/uploads\/2023\/06\/357359349_653579523328213_7440490830531366775_n.jpg\" alt=\"\" width=\"2048\" height=\"1365\" srcset=\"https:\/\/aemarvao.edu.gov.pt\/site\/wp-content\/uploads\/2023\/06\/357359349_653579523328213_7440490830531366775_n.jpg 2048w, https:\/\/aemarvao.edu.gov.pt\/site\/wp-content\/uploads\/2023\/06\/357359349_653579523328213_7440490830531366775_n-300x200.jpg 300w, https:\/\/aemarvao.edu.gov.pt\/site\/wp-content\/uploads\/2023\/06\/357359349_653579523328213_7440490830531366775_n-1024x683.jpg 1024w, https:\/\/aemarvao.edu.gov.pt\/site\/wp-content\/uploads\/2023\/06\/357359349_653579523328213_7440490830531366775_n-768x512.jpg 768w, https:\/\/aemarvao.edu.gov.pt\/site\/wp-content\/uploads\/2023\/06\/357359349_653579523328213_7440490830531366775_n-1536x1024.jpg 1536w\" sizes=\"(max-width: 706px) 89vw, (max-width: 767px) 82vw, 740px\" \/><\/a> <a href=\"https:\/\/aemarvao.edu.gov.pt\/site\/wp-content\/uploads\/2023\/06\/357375573_653578813328284_3732959434394551906_n.jpg\"><img loading=\"lazy\" class=\"alignnone size-full wp-image-4260\" src=\"https:\/\/aemarvao.edu.gov.pt\/site\/wp-content\/uploads\/2023\/06\/357375573_653578813328284_3732959434394551906_n.jpg\" alt=\"\" width=\"2048\" height=\"1365\" srcset=\"https:\/\/aemarvao.edu.gov.pt\/site\/wp-content\/uploads\/2023\/06\/357375573_653578813328284_3732959434394551906_n.jpg 2048w, https:\/\/aemarvao.edu.gov.pt\/site\/wp-content\/uploads\/2023\/06\/357375573_653578813328284_3732959434394551906_n-300x200.jpg 300w, https:\/\/aemarvao.edu.gov.pt\/site\/wp-content\/uploads\/2023\/06\/357375573_653578813328284_3732959434394551906_n-1024x683.jpg 1024w, https:\/\/aemarvao.edu.gov.pt\/site\/wp-content\/uploads\/2023\/06\/357375573_653578813328284_3732959434394551906_n-768x512.jpg 768w, https:\/\/aemarvao.edu.gov.pt\/site\/wp-content\/uploads\/2023\/06\/357375573_653578813328284_3732959434394551906_n-1536x1024.jpg 1536w\" sizes=\"(max-width: 706px) 89vw, (max-width: 767px) 82vw, 740px\" \/><\/a><div style=\"width: 525px;\" class=\"wp-video\"><!--[if lt IE 9]><script>document.createElement('video');<\/script><![endif]-->\n<video class=\"wp-video-shortcode\" id=\"video-4254-1\" width=\"525\" height=\"297\" preload=\"metadata\" controls=\"controls\"><source type=\"video\/mp4\" src=\"https:\/\/aemarvao.edu.gov.pt\/site\/wp-content\/uploads\/2023\/06\/Video-WhatsApp-2023-06-30-as-12.42.13.mp4?_=1\" \/><a href=\"https:\/\/aemarvao.edu.gov.pt\/site\/wp-content\/uploads\/2023\/06\/Video-WhatsApp-2023-06-30-as-12.42.13.mp4\">https:\/\/aemarvao.edu.gov.pt\/site\/wp-content\/uploads\/2023\/06\/Video-WhatsApp-2023-06-30-as-12.42.13.mp4<\/a><\/video><\/div><\/p>\n<\/div>\n<\/div>\n","protected":false},"excerpt":{"rendered":"<p>Realizou-se, esta manh\u00e3, na Casa da Cultura de Marv\u00e3o, a inaugura\u00e7\u00e3o da Exposi\u00e7\u00e3o \u201cPintores a la Carte\u201d, com a presen\u00e7a das turmas de pr\u00e9-escolar e 1\u00ba ciclo do Agrupamento de Escolas do Concelho. A sess\u00e3o inaugural contou com as interven\u00e7\u00f5es do vice-presidente do Munic\u00edpio de Marv\u00e3o, Prof. Lu\u00eds Costa, do diretor do Agrupamento de Escolas, &hellip; <\/p>\n<p class=\"link-more\"><a href=\"https:\/\/aemarvao.edu.gov.pt\/site\/pintores-a-la-carte\/\" class=\"more-link\">Continuar a ler <span class=\"screen-reader-text\">&#8220;Pintores &#8220;\u00c0 la carte&#8221;&#8221;<\/span><\/a><\/p>\n","protected":false},"author":1,"featured_media":4258,"comment_status":"open","ping_status":"open","sticky":false,"template":"","format":"standard","meta":[],"categories":[1],"tags":[],"_links":{"self":[{"href":"https:\/\/aemarvao.edu.gov.pt\/site\/wp-json\/wp\/v2\/posts\/4254"}],"collection":[{"href":"https:\/\/aemarvao.edu.gov.pt\/site\/wp-json\/wp\/v2\/posts"}],"about":[{"href":"https:\/\/aemarvao.edu.gov.pt\/site\/wp-json\/wp\/v2\/types\/post"}],"author":[{"embeddable":true,"href":"https:\/\/aemarvao.edu.gov.pt\/site\/wp-json\/wp\/v2\/users\/1"}],"replies":[{"embeddable":true,"href":"https:\/\/aemarvao.edu.gov.pt\/site\/wp-json\/wp\/v2\/comments?post=4254"}],"version-history":[{"count":1,"href":"https:\/\/aemarvao.edu.gov.pt\/site\/wp-json\/wp\/v2\/posts\/4254\/revisions"}],"predecessor-version":[{"id":4262,"href":"https:\/\/aemarvao.edu.gov.pt\/site\/wp-json\/wp\/v2\/posts\/4254\/revisions\/4262"}],"wp:featuredmedia":[{"embeddable":true,"href":"https:\/\/aemarvao.edu.gov.pt\/site\/wp-json\/wp\/v2\/media\/4258"}],"wp:attachment":[{"href":"https:\/\/aemarvao.edu.gov.pt\/site\/wp-json\/wp\/v2\/media?parent=4254"}],"wp:term":[{"taxonomy":"category","embeddable":true,"href":"https:\/\/aemarvao.edu.gov.pt\/site\/wp-json\/wp\/v2\/categories?post=4254"},{"taxonomy":"post_tag","embeddable":true,"href":"https:\/\/aemarvao.edu.gov.pt\/site\/wp-json\/wp\/v2\/tags?post=4254"}],"curies":[{"name":"wp","href":"https:\/\/api.w.org\/{rel}","templated":true}]}}