{"id":4251,"date":"2023-06-30T17:09:04","date_gmt":"2023-06-30T17:09:04","guid":{"rendered":"https:\/\/aemarvao.edu.gov.pt\/site\/?p=4251"},"modified":"2023-06-30T17:11:23","modified_gmt":"2023-06-30T17:11:23","slug":"nos-as-criancas-e-os-nossos-direitos","status":"publish","type":"post","link":"https:\/\/aemarvao.edu.gov.pt\/site\/nos-as-criancas-e-os-nossos-direitos\/","title":{"rendered":"N\u00f3s, as crian\u00e7as e os nossos direitos"},"content":{"rendered":"<p>As turmas do 1\u00ba Ciclo, Pr\u00e9-Escolar e do 6\u00ba ano, realizaram um filme em Stop Motion, designado por <strong>\u201cN\u00f3s, as crian\u00e7as e os nossos direitos\u201d<\/strong>. Tal como refere o t\u00edtulo, o assunto \u00e9 os Direitos das Crian\u00e7as.<\/p>\n<p>Todos os alunos colaboraram na realiza\u00e7\u00e3o do filme, tendo a produ\u00e7\u00e3o sido realizada pelo Prof. Duarte Filipe. A estreia aconteceu no festival \u201c<strong>Periferias<\/strong>\u201d, que decorreu no dia 27 de junho, no \u00e2mbito das atividades de final do ano letivo.<br \/>\n<iframe loading=\"lazy\" title=\"YouTube video player\" src=\"https:\/\/www.youtube.com\/embed\/slEoxgUyX3Q\" width=\"560\" height=\"315\" frameborder=\"0\" allowfullscreen=\"allowfullscreen\"><\/iframe><\/p>\n","protected":false},"excerpt":{"rendered":"<p>As turmas do 1\u00ba Ciclo, Pr\u00e9-Escolar e do 6\u00ba ano, realizaram um filme em Stop Motion, designado por \u201cN\u00f3s, as crian\u00e7as e os nossos direitos\u201d. Tal como refere o t\u00edtulo, o assunto \u00e9 os Direitos das Crian\u00e7as. Todos os alunos colaboraram na realiza\u00e7\u00e3o do filme, tendo a produ\u00e7\u00e3o sido realizada pelo Prof. Duarte Filipe. A &hellip; <\/p>\n<p class=\"link-more\"><a href=\"https:\/\/aemarvao.edu.gov.pt\/site\/nos-as-criancas-e-os-nossos-direitos\/\" class=\"more-link\">Continuar a ler <span class=\"screen-reader-text\">&#8220;N\u00f3s, as crian\u00e7as e os nossos direitos&#8221;<\/span><\/a><\/p>\n","protected":false},"author":1,"featured_media":4253,"comment_status":"open","ping_status":"open","sticky":false,"template":"","format":"standard","meta":[],"categories":[1],"tags":[],"_links":{"self":[{"href":"https:\/\/aemarvao.edu.gov.pt\/site\/wp-json\/wp\/v2\/posts\/4251"}],"collection":[{"href":"https:\/\/aemarvao.edu.gov.pt\/site\/wp-json\/wp\/v2\/posts"}],"about":[{"href":"https:\/\/aemarvao.edu.gov.pt\/site\/wp-json\/wp\/v2\/types\/post"}],"author":[{"embeddable":true,"href":"https:\/\/aemarvao.edu.gov.pt\/site\/wp-json\/wp\/v2\/users\/1"}],"replies":[{"embeddable":true,"href":"https:\/\/aemarvao.edu.gov.pt\/site\/wp-json\/wp\/v2\/comments?post=4251"}],"version-history":[{"count":1,"href":"https:\/\/aemarvao.edu.gov.pt\/site\/wp-json\/wp\/v2\/posts\/4251\/revisions"}],"predecessor-version":[{"id":4252,"href":"https:\/\/aemarvao.edu.gov.pt\/site\/wp-json\/wp\/v2\/posts\/4251\/revisions\/4252"}],"wp:featuredmedia":[{"embeddable":true,"href":"https:\/\/aemarvao.edu.gov.pt\/site\/wp-json\/wp\/v2\/media\/4253"}],"wp:attachment":[{"href":"https:\/\/aemarvao.edu.gov.pt\/site\/wp-json\/wp\/v2\/media?parent=4251"}],"wp:term":[{"taxonomy":"category","embeddable":true,"href":"https:\/\/aemarvao.edu.gov.pt\/site\/wp-json\/wp\/v2\/categories?post=4251"},{"taxonomy":"post_tag","embeddable":true,"href":"https:\/\/aemarvao.edu.gov.pt\/site\/wp-json\/wp\/v2\/tags?post=4251"}],"curies":[{"name":"wp","href":"https:\/\/api.w.org\/{rel}","templated":true}]}}