{"id":4231,"date":"2023-06-24T11:58:22","date_gmt":"2023-06-24T11:58:22","guid":{"rendered":"https:\/\/aemarvao.edu.gov.pt\/site\/?p=4231"},"modified":"2023-06-24T11:58:22","modified_gmt":"2023-06-24T11:58:22","slug":"pintores-a-la-carte-pintores-arte-e-artistas-na-sala-de-aula","status":"publish","type":"post","link":"https:\/\/aemarvao.edu.gov.pt\/site\/pintores-a-la-carte-pintores-arte-e-artistas-na-sala-de-aula\/","title":{"rendered":"&#8220;PINTORES \u201c\u00c0 LA CARTE\u201d  PINTORES, ARTE E ARTISTAS NA SALA DE AULA"},"content":{"rendered":"<p style=\"text-align: justify;\">Esta exposi\u00e7\u00e3o resulta do trabalho desenvolvido ao longo deste ano letivo na disciplina de Artes Visuais.<\/p>\n<p style=\"text-align: justify;\">Pintores de renome foram apresentados a Artistas de palmo e meio (dos 3 aos 11) pesquis\u00e1mos e aprendemos sobre as suas vidas, as suas \u00e9pocas e as suas t\u00e9cnicas.<\/p>\n<p style=\"text-align: justify;\">Procur\u00e1mos despertar do gosto pela arte em todas suas vertentes.<\/p>\n<p style=\"text-align: justify;\">\n&#8211; Estimulando a sensibilidade est\u00e9tica e art\u00edstica&#8230;<br \/>\n&#8211; Promovendo o conhecimento\u2026<br \/>\n&#8211; Procurando despertar p\u00fablicos desde as mais tenras idades&#8230;<\/p>\n<p style=\"text-align: justify;\">Aqui vos trazemos o resultado do nosso\u00a0trabalho.<\/p>\n","protected":false},"excerpt":{"rendered":"<p>Esta exposi\u00e7\u00e3o resulta do trabalho desenvolvido ao longo deste ano letivo na disciplina de Artes Visuais. Pintores de renome foram apresentados a Artistas de palmo e meio (dos 3 aos 11) pesquis\u00e1mos e aprendemos sobre as suas vidas, as suas \u00e9pocas e as suas t\u00e9cnicas. Procur\u00e1mos despertar do gosto pela arte em todas suas vertentes. &hellip; <\/p>\n<p class=\"link-more\"><a href=\"https:\/\/aemarvao.edu.gov.pt\/site\/pintores-a-la-carte-pintores-arte-e-artistas-na-sala-de-aula\/\" class=\"more-link\">Continuar a ler <span class=\"screen-reader-text\">&#8220;&#8220;PINTORES \u201c\u00c0 LA CARTE\u201d  PINTORES, ARTE E ARTISTAS NA SALA DE AULA&#8221;<\/span><\/a><\/p>\n","protected":false},"author":1,"featured_media":4232,"comment_status":"open","ping_status":"open","sticky":false,"template":"","format":"standard","meta":[],"categories":[1],"tags":[],"_links":{"self":[{"href":"https:\/\/aemarvao.edu.gov.pt\/site\/wp-json\/wp\/v2\/posts\/4231"}],"collection":[{"href":"https:\/\/aemarvao.edu.gov.pt\/site\/wp-json\/wp\/v2\/posts"}],"about":[{"href":"https:\/\/aemarvao.edu.gov.pt\/site\/wp-json\/wp\/v2\/types\/post"}],"author":[{"embeddable":true,"href":"https:\/\/aemarvao.edu.gov.pt\/site\/wp-json\/wp\/v2\/users\/1"}],"replies":[{"embeddable":true,"href":"https:\/\/aemarvao.edu.gov.pt\/site\/wp-json\/wp\/v2\/comments?post=4231"}],"version-history":[{"count":1,"href":"https:\/\/aemarvao.edu.gov.pt\/site\/wp-json\/wp\/v2\/posts\/4231\/revisions"}],"predecessor-version":[{"id":4233,"href":"https:\/\/aemarvao.edu.gov.pt\/site\/wp-json\/wp\/v2\/posts\/4231\/revisions\/4233"}],"wp:featuredmedia":[{"embeddable":true,"href":"https:\/\/aemarvao.edu.gov.pt\/site\/wp-json\/wp\/v2\/media\/4232"}],"wp:attachment":[{"href":"https:\/\/aemarvao.edu.gov.pt\/site\/wp-json\/wp\/v2\/media?parent=4231"}],"wp:term":[{"taxonomy":"category","embeddable":true,"href":"https:\/\/aemarvao.edu.gov.pt\/site\/wp-json\/wp\/v2\/categories?post=4231"},{"taxonomy":"post_tag","embeddable":true,"href":"https:\/\/aemarvao.edu.gov.pt\/site\/wp-json\/wp\/v2\/tags?post=4231"}],"curies":[{"name":"wp","href":"https:\/\/api.w.org\/{rel}","templated":true}]}}