{"id":3667,"date":"2022-06-01T21:19:45","date_gmt":"2022-06-01T21:19:45","guid":{"rendered":"https:\/\/aemarvao.edu.gov.pt\/site\/?p=3667"},"modified":"2022-06-01T21:19:45","modified_gmt":"2022-06-01T21:19:45","slug":"calendarizacao-provas-equivalencia-a-frequencia-2-o-e-3-o-ciclos","status":"publish","type":"post","link":"https:\/\/aemarvao.edu.gov.pt\/site\/calendarizacao-provas-equivalencia-a-frequencia-2-o-e-3-o-ciclos\/","title":{"rendered":"Calendariza\u00e7\u00e3o Provas Equival\u00eancia \u00e0 Frequ\u00eancia &#8211; 2.\u00ba e 3.\u00ba ciclos"},"content":{"rendered":"<p style=\"text-align: justify;\">As provas de equival\u00eancia \u00e0 frequ\u00eancia do 2.\u00ba Ciclo decorrem entre os dias 22 de junho e 05 de julho (1.\u00aa fase) e entre 21 de julho e 29 de julho (2.\u00aa fase).<\/p>\n<p>Relativamente \u00e0s provas de equival\u00eancia \u00e0 frequ\u00eancia do 3.\u00ba Ciclo decorrem entre os dias 21 de junho e 06 de julho (1.\u00aa fase) e entre 20 de julho e 29 de julho (2.\u00aa fase).<\/p>\n<p>As datas previstas para a afixa\u00e7\u00e3o das pautas s\u00e3o as seguintes:<\/p>\n<p>Afixa\u00e7\u00e3o de pautas do <strong>2.\u00ba Ciclo<\/strong><\/p>\n<p>&#8211; 1.\u00aa Fase: <strong><em>11 de julho de 2022<\/em><\/strong><\/p>\n<p>&#8211; 2.\u00aa Fase: <strong><em>2 de agosto de 2022<\/em><\/strong><\/p>\n<p>&nbsp;<\/p>\n<p>Afixa\u00e7\u00e3o de pautas do <strong>3.\u00ba Ciclo<\/strong><\/p>\n<p>&#8211; 1.\u00aa Fase: <strong><em>11 de julho de 2022<\/em><\/strong><\/p>\n<p>&#8211; 2.\u00aa Fase: <strong><em>5 de agosto de 2022<\/em><\/strong><\/p>\n<p><a href=\"https:\/\/aemarvao.edu.gov.pt\/site\/wp-content\/uploads\/2022\/06\/Calendarizacao-Provas-Eq.-Freq.2022.pdf\" target=\"_blank\" rel=\"noopener\">Consultar calendariza\u00e7\u00e3o das provas de equival\u00eancia \u00e0 frequ\u00eancia<\/a><\/p>\n","protected":false},"excerpt":{"rendered":"<p>As provas de equival\u00eancia \u00e0 frequ\u00eancia do 2.\u00ba Ciclo decorrem entre os dias 22 de junho e 05 de julho (1.\u00aa fase) e entre 21 de julho e 29 de julho (2.\u00aa fase). Relativamente \u00e0s provas de equival\u00eancia \u00e0 frequ\u00eancia do 3.\u00ba Ciclo decorrem entre os dias 21 de junho e 06 de julho (1.\u00aa &hellip; <\/p>\n<p class=\"link-more\"><a href=\"https:\/\/aemarvao.edu.gov.pt\/site\/calendarizacao-provas-equivalencia-a-frequencia-2-o-e-3-o-ciclos\/\" class=\"more-link\">Continuar a ler <span class=\"screen-reader-text\">&#8220;Calendariza\u00e7\u00e3o Provas Equival\u00eancia \u00e0 Frequ\u00eancia &#8211; 2.\u00ba e 3.\u00ba ciclos&#8221;<\/span><\/a><\/p>\n","protected":false},"author":1,"featured_media":3668,"comment_status":"open","ping_status":"open","sticky":false,"template":"","format":"standard","meta":[],"categories":[1],"tags":[],"_links":{"self":[{"href":"https:\/\/aemarvao.edu.gov.pt\/site\/wp-json\/wp\/v2\/posts\/3667"}],"collection":[{"href":"https:\/\/aemarvao.edu.gov.pt\/site\/wp-json\/wp\/v2\/posts"}],"about":[{"href":"https:\/\/aemarvao.edu.gov.pt\/site\/wp-json\/wp\/v2\/types\/post"}],"author":[{"embeddable":true,"href":"https:\/\/aemarvao.edu.gov.pt\/site\/wp-json\/wp\/v2\/users\/1"}],"replies":[{"embeddable":true,"href":"https:\/\/aemarvao.edu.gov.pt\/site\/wp-json\/wp\/v2\/comments?post=3667"}],"version-history":[{"count":1,"href":"https:\/\/aemarvao.edu.gov.pt\/site\/wp-json\/wp\/v2\/posts\/3667\/revisions"}],"predecessor-version":[{"id":3670,"href":"https:\/\/aemarvao.edu.gov.pt\/site\/wp-json\/wp\/v2\/posts\/3667\/revisions\/3670"}],"wp:featuredmedia":[{"embeddable":true,"href":"https:\/\/aemarvao.edu.gov.pt\/site\/wp-json\/wp\/v2\/media\/3668"}],"wp:attachment":[{"href":"https:\/\/aemarvao.edu.gov.pt\/site\/wp-json\/wp\/v2\/media?parent=3667"}],"wp:term":[{"taxonomy":"category","embeddable":true,"href":"https:\/\/aemarvao.edu.gov.pt\/site\/wp-json\/wp\/v2\/categories?post=3667"},{"taxonomy":"post_tag","embeddable":true,"href":"https:\/\/aemarvao.edu.gov.pt\/site\/wp-json\/wp\/v2\/tags?post=3667"}],"curies":[{"name":"wp","href":"https:\/\/api.w.org\/{rel}","templated":true}]}}