{"id":3623,"date":"2022-05-25T11:24:40","date_gmt":"2022-05-25T11:24:40","guid":{"rendered":"https:\/\/aemarvao.edu.gov.pt\/site\/?p=3623"},"modified":"2022-05-25T11:29:40","modified_gmt":"2022-05-25T11:29:40","slug":"3623-2","status":"publish","type":"post","link":"https:\/\/aemarvao.edu.gov.pt\/site\/3623-2\/","title":{"rendered":"Concurso &#8220;Ser leitor \u00e9 cool&#8221;"},"content":{"rendered":"<p>No dia 12 de maio, em Fronteira realizou-se a final do 4\u00ba concurso interconcelhio &#8220;Ser Leitor \u00e9 Cool&#8221;. A Constan\u00e7a, o Gustavo, o Jos\u00e9 Pedro e a Alice representaram muito bem o nosso agrupamento. Para verem a sua presta\u00e7\u00e3o podem clicar no nome de cada aluno.<\/p>\n<p><a href=\"https:\/\/fb.watch\/ddOrjkXBUA\/\">Constan\u00e7a Barradas &#8211; 3\u00b0ano<\/a><\/p>\n<p><a href=\"https:\/\/fb.watch\/ddOESIDi9L\/\">Gustavo Pereira- 4\u00b0ano<\/a><\/p>\n<p><a href=\"https:\/\/fb.watch\/ddOHn142zB\/\">Jos\u00e9 Pedro Machado-5\u00b0ano<\/a><\/p>\n<p><a href=\"https:\/\/fb.watch\/ddOKTuaJ4w\/\"><span class=\"nc684nl6\">Alice Sobreiro<\/span> &#8211; 6\u00b0ano<\/a><\/p>\n","protected":false},"excerpt":{"rendered":"<p>No dia 12 de maio, em Fronteira realizou-se a final do 4\u00ba concurso interconcelhio &#8220;Ser Leitor \u00e9 Cool&#8221;. A Constan\u00e7a, o Gustavo, o Jos\u00e9 Pedro e a Alice representaram muito bem o nosso agrupamento. Para verem a sua presta\u00e7\u00e3o podem clicar no nome de cada aluno. Constan\u00e7a Barradas &#8211; 3\u00b0ano Gustavo Pereira- 4\u00b0ano Jos\u00e9 Pedro &hellip; <\/p>\n<p class=\"link-more\"><a href=\"https:\/\/aemarvao.edu.gov.pt\/site\/3623-2\/\" class=\"more-link\">Continuar a ler <span class=\"screen-reader-text\">&#8220;Concurso &#8220;Ser leitor \u00e9 cool&#8221;&#8221;<\/span><\/a><\/p>\n","protected":false},"author":1,"featured_media":3624,"comment_status":"open","ping_status":"open","sticky":false,"template":"","format":"standard","meta":[],"categories":[1],"tags":[],"_links":{"self":[{"href":"https:\/\/aemarvao.edu.gov.pt\/site\/wp-json\/wp\/v2\/posts\/3623"}],"collection":[{"href":"https:\/\/aemarvao.edu.gov.pt\/site\/wp-json\/wp\/v2\/posts"}],"about":[{"href":"https:\/\/aemarvao.edu.gov.pt\/site\/wp-json\/wp\/v2\/types\/post"}],"author":[{"embeddable":true,"href":"https:\/\/aemarvao.edu.gov.pt\/site\/wp-json\/wp\/v2\/users\/1"}],"replies":[{"embeddable":true,"href":"https:\/\/aemarvao.edu.gov.pt\/site\/wp-json\/wp\/v2\/comments?post=3623"}],"version-history":[{"count":4,"href":"https:\/\/aemarvao.edu.gov.pt\/site\/wp-json\/wp\/v2\/posts\/3623\/revisions"}],"predecessor-version":[{"id":3628,"href":"https:\/\/aemarvao.edu.gov.pt\/site\/wp-json\/wp\/v2\/posts\/3623\/revisions\/3628"}],"wp:featuredmedia":[{"embeddable":true,"href":"https:\/\/aemarvao.edu.gov.pt\/site\/wp-json\/wp\/v2\/media\/3624"}],"wp:attachment":[{"href":"https:\/\/aemarvao.edu.gov.pt\/site\/wp-json\/wp\/v2\/media?parent=3623"}],"wp:term":[{"taxonomy":"category","embeddable":true,"href":"https:\/\/aemarvao.edu.gov.pt\/site\/wp-json\/wp\/v2\/categories?post=3623"},{"taxonomy":"post_tag","embeddable":true,"href":"https:\/\/aemarvao.edu.gov.pt\/site\/wp-json\/wp\/v2\/tags?post=3623"}],"curies":[{"name":"wp","href":"https:\/\/api.w.org\/{rel}","templated":true}]}}