{"id":3617,"date":"2022-05-25T09:22:27","date_gmt":"2022-05-25T09:22:27","guid":{"rendered":"https:\/\/aemarvao.edu.gov.pt\/site\/?p=3617"},"modified":"2022-05-27T17:00:25","modified_gmt":"2022-05-27T17:00:25","slug":"dia-da-familia","status":"publish","type":"post","link":"https:\/\/aemarvao.edu.gov.pt\/site\/dia-da-familia\/","title":{"rendered":"DIA DA FAM\u00cdLIA"},"content":{"rendered":"<p>Comemorou-se no passado dia 15 de maio o Dia Internacional da Fam\u00edlia.<\/p>\n<p>Na perspectiva de fomento de uma rela\u00e7\u00e3o Escola\/Fam\u00edlia, a Equipa de Educa\u00e7\u00e3o Especial, SPO e T\u00e9cnicos do CAA sugerem algumas atividades que podem ser realizadas em fam\u00edlia.<\/p>\n<p>As fam\u00edlias que est\u00e3o mais envolvidas na educa\u00e7\u00e3o de crian\u00e7as e jovens promovem positivamente o funcionamento cognitivo e socioemocional dos seus educandos, bem como o aumento da sua autoestima, melhorias no comportamento e atitudes mais positivas face \u00e0 escola.<\/p>\n<p>Numa sociedade cada vez mais diferenciada, a sensibiliza\u00e7\u00e3o para os valores inclusivos s\u00e3o uma prioridade e um desafio em que todos temos que estar envolvidos.<\/p>\n<p><img loading=\"lazy\" class=\"alignnone  wp-image-3619\" style=\"font-size: 1rem;\" src=\"https:\/\/aemarvao.edu.gov.pt\/site\/wp-content\/uploads\/2022\/05\/Diapositivo1.jpg\" alt=\"\" width=\"539\" height=\"718\" srcset=\"https:\/\/aemarvao.edu.gov.pt\/site\/wp-content\/uploads\/2022\/05\/Diapositivo1.jpg 720w, https:\/\/aemarvao.edu.gov.pt\/site\/wp-content\/uploads\/2022\/05\/Diapositivo1-225x300.jpg 225w\" sizes=\"(max-width: 539px) 100vw, 539px\" \/><img loading=\"lazy\" class=\"alignnone size-full wp-image-3620\" style=\"font-size: 1rem;\" src=\"https:\/\/aemarvao.edu.gov.pt\/site\/wp-content\/uploads\/2022\/05\/Diapositivo2.jpg\" alt=\"\" width=\"720\" height=\"960\" srcset=\"https:\/\/aemarvao.edu.gov.pt\/site\/wp-content\/uploads\/2022\/05\/Diapositivo2.jpg 720w, https:\/\/aemarvao.edu.gov.pt\/site\/wp-content\/uploads\/2022\/05\/Diapositivo2-225x300.jpg 225w\" sizes=\"(max-width: 720px) 100vw, 720px\" \/><img loading=\"lazy\" class=\"alignnone size-full wp-image-3618\" style=\"font-size: 1rem;\" src=\"https:\/\/aemarvao.edu.gov.pt\/site\/wp-content\/uploads\/2022\/05\/Apresentacao1.jpg\" alt=\"\" width=\"720\" height=\"960\" srcset=\"https:\/\/aemarvao.edu.gov.pt\/site\/wp-content\/uploads\/2022\/05\/Apresentacao1.jpg 720w, https:\/\/aemarvao.edu.gov.pt\/site\/wp-content\/uploads\/2022\/05\/Apresentacao1-225x300.jpg 225w\" sizes=\"(max-width: 720px) 100vw, 720px\" \/><\/p>\n","protected":false},"excerpt":{"rendered":"<p>Comemorou-se no passado dia 15 de maio o Dia Internacional da Fam\u00edlia. Na perspectiva de fomento de uma rela\u00e7\u00e3o Escola\/Fam\u00edlia, a Equipa de Educa\u00e7\u00e3o Especial, SPO e T\u00e9cnicos do CAA sugerem algumas atividades que podem ser realizadas em fam\u00edlia. As fam\u00edlias que est\u00e3o mais envolvidas na educa\u00e7\u00e3o de crian\u00e7as e jovens promovem positivamente o funcionamento &hellip; <\/p>\n<p class=\"link-more\"><a href=\"https:\/\/aemarvao.edu.gov.pt\/site\/dia-da-familia\/\" class=\"more-link\">Continuar a ler <span class=\"screen-reader-text\">&#8220;DIA DA FAM\u00cdLIA&#8221;<\/span><\/a><\/p>\n","protected":false},"author":1,"featured_media":3621,"comment_status":"open","ping_status":"open","sticky":false,"template":"","format":"standard","meta":[],"categories":[1],"tags":[],"_links":{"self":[{"href":"https:\/\/aemarvao.edu.gov.pt\/site\/wp-json\/wp\/v2\/posts\/3617"}],"collection":[{"href":"https:\/\/aemarvao.edu.gov.pt\/site\/wp-json\/wp\/v2\/posts"}],"about":[{"href":"https:\/\/aemarvao.edu.gov.pt\/site\/wp-json\/wp\/v2\/types\/post"}],"author":[{"embeddable":true,"href":"https:\/\/aemarvao.edu.gov.pt\/site\/wp-json\/wp\/v2\/users\/1"}],"replies":[{"embeddable":true,"href":"https:\/\/aemarvao.edu.gov.pt\/site\/wp-json\/wp\/v2\/comments?post=3617"}],"version-history":[{"count":3,"href":"https:\/\/aemarvao.edu.gov.pt\/site\/wp-json\/wp\/v2\/posts\/3617\/revisions"}],"predecessor-version":[{"id":3650,"href":"https:\/\/aemarvao.edu.gov.pt\/site\/wp-json\/wp\/v2\/posts\/3617\/revisions\/3650"}],"wp:featuredmedia":[{"embeddable":true,"href":"https:\/\/aemarvao.edu.gov.pt\/site\/wp-json\/wp\/v2\/media\/3621"}],"wp:attachment":[{"href":"https:\/\/aemarvao.edu.gov.pt\/site\/wp-json\/wp\/v2\/media?parent=3617"}],"wp:term":[{"taxonomy":"category","embeddable":true,"href":"https:\/\/aemarvao.edu.gov.pt\/site\/wp-json\/wp\/v2\/categories?post=3617"},{"taxonomy":"post_tag","embeddable":true,"href":"https:\/\/aemarvao.edu.gov.pt\/site\/wp-json\/wp\/v2\/tags?post=3617"}],"curies":[{"name":"wp","href":"https:\/\/api.w.org\/{rel}","templated":true}]}}