{"id":1529,"date":"2019-01-30T15:55:59","date_gmt":"2019-01-30T15:55:59","guid":{"rendered":"http:\/\/www.aemarvao.pt\/site\/?p=1529"},"modified":"2019-01-30T15:55:59","modified_gmt":"2019-01-30T15:55:59","slug":"abecedario-sem-juizo","status":"publish","type":"post","link":"https:\/\/aemarvao.edu.gov.pt\/site\/abecedario-sem-juizo\/","title":{"rendered":"Abeced\u00e1rio sem ju\u00edzo"},"content":{"rendered":"<p>Os alunos do 3\u00ba e 4\u00ba anos da Escola de Santo Ant\u00f3nio das Areias desenvolveram um trabalho no \u00e2mbito do Referencial &#8220;Aprender com a Biblioteca Escolar&#8221;.<br \/>\nDepois de lerem alguns poemas da obra de Lu\u00edsa Ducla Soares &#8211; Poemas da Mentira e da Verdade &#8211; os alunos inventaram um novo abeced\u00e1rio sem ju\u00edzo e constru\u00edram um Powtoon. Fica aqui o resultado final:<\/p>\n<p>&nbsp;<br \/>\n<iframe loading=\"lazy\" width=\"560\" height=\"315\" src=\"https:\/\/www.youtube.com\/embed\/L6yn9VyckZg\" frameborder=\"0\" allow=\"accelerometer; autoplay; encrypted-media; gyroscope; picture-in-picture\" allowfullscreen><\/iframe><\/p>\n","protected":false},"excerpt":{"rendered":"<p>Os alunos do 3\u00ba e 4\u00ba anos da Escola de Santo Ant\u00f3nio das Areias desenvolveram um trabalho no \u00e2mbito do Referencial &#8220;Aprender com a Biblioteca Escolar&#8221;. Depois de lerem alguns poemas da obra de Lu\u00edsa Ducla Soares &#8211; Poemas da Mentira e da Verdade &#8211; os alunos inventaram um novo abeced\u00e1rio sem ju\u00edzo e constru\u00edram &hellip; <\/p>\n<p class=\"link-more\"><a href=\"https:\/\/aemarvao.edu.gov.pt\/site\/abecedario-sem-juizo\/\" class=\"more-link\">Continuar a ler <span class=\"screen-reader-text\">&#8220;Abeced\u00e1rio sem ju\u00edzo&#8221;<\/span><\/a><\/p>\n","protected":false},"author":1,"featured_media":0,"comment_status":"open","ping_status":"open","sticky":false,"template":"","format":"standard","meta":[],"categories":[1],"tags":[],"_links":{"self":[{"href":"https:\/\/aemarvao.edu.gov.pt\/site\/wp-json\/wp\/v2\/posts\/1529"}],"collection":[{"href":"https:\/\/aemarvao.edu.gov.pt\/site\/wp-json\/wp\/v2\/posts"}],"about":[{"href":"https:\/\/aemarvao.edu.gov.pt\/site\/wp-json\/wp\/v2\/types\/post"}],"author":[{"embeddable":true,"href":"https:\/\/aemarvao.edu.gov.pt\/site\/wp-json\/wp\/v2\/users\/1"}],"replies":[{"embeddable":true,"href":"https:\/\/aemarvao.edu.gov.pt\/site\/wp-json\/wp\/v2\/comments?post=1529"}],"version-history":[{"count":2,"href":"https:\/\/aemarvao.edu.gov.pt\/site\/wp-json\/wp\/v2\/posts\/1529\/revisions"}],"predecessor-version":[{"id":1531,"href":"https:\/\/aemarvao.edu.gov.pt\/site\/wp-json\/wp\/v2\/posts\/1529\/revisions\/1531"}],"wp:attachment":[{"href":"https:\/\/aemarvao.edu.gov.pt\/site\/wp-json\/wp\/v2\/media?parent=1529"}],"wp:term":[{"taxonomy":"category","embeddable":true,"href":"https:\/\/aemarvao.edu.gov.pt\/site\/wp-json\/wp\/v2\/categories?post=1529"},{"taxonomy":"post_tag","embeddable":true,"href":"https:\/\/aemarvao.edu.gov.pt\/site\/wp-json\/wp\/v2\/tags?post=1529"}],"curies":[{"name":"wp","href":"https:\/\/api.w.org\/{rel}","templated":true}]}}