{"id":1482,"date":"2018-12-05T11:58:34","date_gmt":"2018-12-05T11:58:34","guid":{"rendered":"http:\/\/www.aemarvao.pt\/site\/?p=1482"},"modified":"2018-12-05T11:58:34","modified_gmt":"2018-12-05T11:58:34","slug":"refeicoes-escolares-periodos-de-interrupcao-letiva-natal-e-pascoa","status":"publish","type":"post","link":"https:\/\/aemarvao.edu.gov.pt\/site\/refeicoes-escolares-periodos-de-interrupcao-letiva-natal-e-pascoa\/","title":{"rendered":"Refei\u00e7\u00f5es Escolares &#8211; Per\u00edodos de Interrup\u00e7\u00e3o letiva &#8211; Natal e P\u00e1scoa"},"content":{"rendered":"<div style=\"text-align: justify;\">De acordo com o Despacho Normativo n\u00ba 6\/ 2018, durante as Interrup\u00e7\u00f5es letivas de Natal e P\u00e1scoa, mant\u00eam-se em funcionamento os servi\u00e7os de refei\u00e7\u00f5es escolares com as mesmas condi\u00e7\u00f5es de pagamento do restante ano letivo,\u00a0<b>para os alunos benefici\u00e1rios da A\u00e7\u00e3o escolar.<\/b><\/div>\n<div><\/div>\n<div style=\"text-align: justify;\">Informamos ainda que\u00a0<b>a aquisi\u00e7\u00e3o de senhas de almo\u00e7o \u00e9 obrigat\u00f3ria<\/b>, mantendo-se o mesmo procedimento como nos dias em que h\u00e1 atividade letiva.<\/div>\n","protected":false},"excerpt":{"rendered":"<p>De acordo com o Despacho Normativo n\u00ba 6\/ 2018, durante as Interrup\u00e7\u00f5es letivas de Natal e P\u00e1scoa, mant\u00eam-se em funcionamento os servi\u00e7os de refei\u00e7\u00f5es escolares com as mesmas condi\u00e7\u00f5es de pagamento do restante ano letivo,\u00a0para os alunos benefici\u00e1rios da A\u00e7\u00e3o escolar. Informamos ainda que\u00a0a aquisi\u00e7\u00e3o de senhas de almo\u00e7o \u00e9 obrigat\u00f3ria, mantendo-se o mesmo procedimento &hellip; <\/p>\n<p class=\"link-more\"><a href=\"https:\/\/aemarvao.edu.gov.pt\/site\/refeicoes-escolares-periodos-de-interrupcao-letiva-natal-e-pascoa\/\" class=\"more-link\">Continuar a ler <span class=\"screen-reader-text\">&#8220;Refei\u00e7\u00f5es Escolares &#8211; Per\u00edodos de Interrup\u00e7\u00e3o letiva &#8211; Natal e P\u00e1scoa&#8221;<\/span><\/a><\/p>\n","protected":false},"author":1,"featured_media":1483,"comment_status":"open","ping_status":"open","sticky":false,"template":"","format":"standard","meta":[],"categories":[1],"tags":[],"_links":{"self":[{"href":"https:\/\/aemarvao.edu.gov.pt\/site\/wp-json\/wp\/v2\/posts\/1482"}],"collection":[{"href":"https:\/\/aemarvao.edu.gov.pt\/site\/wp-json\/wp\/v2\/posts"}],"about":[{"href":"https:\/\/aemarvao.edu.gov.pt\/site\/wp-json\/wp\/v2\/types\/post"}],"author":[{"embeddable":true,"href":"https:\/\/aemarvao.edu.gov.pt\/site\/wp-json\/wp\/v2\/users\/1"}],"replies":[{"embeddable":true,"href":"https:\/\/aemarvao.edu.gov.pt\/site\/wp-json\/wp\/v2\/comments?post=1482"}],"version-history":[{"count":1,"href":"https:\/\/aemarvao.edu.gov.pt\/site\/wp-json\/wp\/v2\/posts\/1482\/revisions"}],"predecessor-version":[{"id":1484,"href":"https:\/\/aemarvao.edu.gov.pt\/site\/wp-json\/wp\/v2\/posts\/1482\/revisions\/1484"}],"wp:featuredmedia":[{"embeddable":true,"href":"https:\/\/aemarvao.edu.gov.pt\/site\/wp-json\/wp\/v2\/media\/1483"}],"wp:attachment":[{"href":"https:\/\/aemarvao.edu.gov.pt\/site\/wp-json\/wp\/v2\/media?parent=1482"}],"wp:term":[{"taxonomy":"category","embeddable":true,"href":"https:\/\/aemarvao.edu.gov.pt\/site\/wp-json\/wp\/v2\/categories?post=1482"},{"taxonomy":"post_tag","embeddable":true,"href":"https:\/\/aemarvao.edu.gov.pt\/site\/wp-json\/wp\/v2\/tags?post=1482"}],"curies":[{"name":"wp","href":"https:\/\/api.w.org\/{rel}","templated":true}]}}