{"id":1155,"date":"2018-06-26T11:28:03","date_gmt":"2018-06-26T11:28:03","guid":{"rendered":"http:\/\/www.aemarvao.pt\/site\/?p=1155"},"modified":"2018-06-26T11:28:03","modified_gmt":"2018-06-26T11:28:03","slug":"matriculas-1-o-2-o-e-3-o-ciclos","status":"publish","type":"post","link":"https:\/\/aemarvao.edu.gov.pt\/site\/matriculas-1-o-2-o-e-3-o-ciclos\/","title":{"rendered":"Matr\u00edculas 1.\u00ba, 2.\u00ba e 3.\u00ba Ciclos"},"content":{"rendered":"<p style=\"text-align: justify;\"><img loading=\"lazy\" class=\"alignnone size-full wp-image-1156\" src=\"http:\/\/www.aemarvao.pt\/site\/wp-content\/uploads\/2018\/06\/matriculas_2018-2019.png\" alt=\"\" width=\"811\" height=\"503\" srcset=\"https:\/\/aemarvao.edu.gov.pt\/site\/wp-content\/uploads\/2018\/06\/matriculas_2018-2019.png 811w, https:\/\/aemarvao.edu.gov.pt\/site\/wp-content\/uploads\/2018\/06\/matriculas_2018-2019-300x186.png 300w, https:\/\/aemarvao.edu.gov.pt\/site\/wp-content\/uploads\/2018\/06\/matriculas_2018-2019-768x476.png 768w\" sizes=\"(max-width: 706px) 89vw, (max-width: 767px) 82vw, 740px\" \/><\/p>\n<p style=\"text-align: justify;\">Avisam-se todos os Encarregados de Educa\u00e7\u00e3o e alunos que a <strong>matr\u00edcula\/renova\u00e7\u00e3o de matr\u00edcula<\/strong> para o pr\u00f3ximo ano letivo (2018\/2019) decorre no dia 4 de julho, das 10:30 \u00e0s 12:30 e das 14:00 \u00e0s 17:00 na escola sede do Agrupamento.<\/p>\n<p style=\"text-align: justify;\"><span style=\"text-decoration: underline;\"><strong>Documentos a apresentar:<\/strong><\/span><\/p>\n<ul>\n<li style=\"text-align: justify;\">Cart\u00e3o de Cidad\u00e3o do aluno;<\/li>\n<li style=\"text-align: justify;\">Cart\u00e3o de Cidad\u00e3o do Encarregado de Educa\u00e7\u00e3o;<\/li>\n<li style=\"text-align: justify;\">Cart\u00e3o de Utente do Servi\u00e7o Nacional de Sa\u00fade;<\/li>\n<li style=\"text-align: justify;\">1 Fotografia (opcional);<\/li>\n<li style=\"text-align: justify;\">Fotoc\u00f3pia de declara\u00e7\u00e3o do escal\u00e3o do abono de fam\u00edlia;<\/li>\n<li style=\"text-align: justify;\">Boletim Individual de Sa\u00fade (atualizado);<\/li>\n<li style=\"text-align: justify;\">N.\u00ba de ap\u00f3lice do Seguro de Sa\u00fade (quando existe);<\/li>\n<li style=\"text-align: justify;\">5\u20ac para aquisi\u00e7\u00e3o do cart\u00e3o GIAE, se ainda n\u00e3o possuir.<\/li>\n<\/ul>\n","protected":false},"excerpt":{"rendered":"<p>Avisam-se todos os Encarregados de Educa\u00e7\u00e3o e alunos que a matr\u00edcula\/renova\u00e7\u00e3o de matr\u00edcula para o pr\u00f3ximo ano letivo (2018\/2019) decorre no dia 4 de julho, das 10:30 \u00e0s 12:30 e das 14:00 \u00e0s 17:00 na escola sede do Agrupamento. Documentos a apresentar: Cart\u00e3o de Cidad\u00e3o do aluno; Cart\u00e3o de Cidad\u00e3o do Encarregado de Educa\u00e7\u00e3o; Cart\u00e3o &hellip; <\/p>\n<p class=\"link-more\"><a href=\"https:\/\/aemarvao.edu.gov.pt\/site\/matriculas-1-o-2-o-e-3-o-ciclos\/\" class=\"more-link\">Continuar a ler <span class=\"screen-reader-text\">&#8220;Matr\u00edculas 1.\u00ba, 2.\u00ba e 3.\u00ba Ciclos&#8221;<\/span><\/a><\/p>\n","protected":false},"author":1,"featured_media":0,"comment_status":"open","ping_status":"open","sticky":false,"template":"","format":"standard","meta":[],"categories":[],"tags":[],"_links":{"self":[{"href":"https:\/\/aemarvao.edu.gov.pt\/site\/wp-json\/wp\/v2\/posts\/1155"}],"collection":[{"href":"https:\/\/aemarvao.edu.gov.pt\/site\/wp-json\/wp\/v2\/posts"}],"about":[{"href":"https:\/\/aemarvao.edu.gov.pt\/site\/wp-json\/wp\/v2\/types\/post"}],"author":[{"embeddable":true,"href":"https:\/\/aemarvao.edu.gov.pt\/site\/wp-json\/wp\/v2\/users\/1"}],"replies":[{"embeddable":true,"href":"https:\/\/aemarvao.edu.gov.pt\/site\/wp-json\/wp\/v2\/comments?post=1155"}],"version-history":[{"count":1,"href":"https:\/\/aemarvao.edu.gov.pt\/site\/wp-json\/wp\/v2\/posts\/1155\/revisions"}],"predecessor-version":[{"id":1157,"href":"https:\/\/aemarvao.edu.gov.pt\/site\/wp-json\/wp\/v2\/posts\/1155\/revisions\/1157"}],"wp:attachment":[{"href":"https:\/\/aemarvao.edu.gov.pt\/site\/wp-json\/wp\/v2\/media?parent=1155"}],"wp:term":[{"taxonomy":"category","embeddable":true,"href":"https:\/\/aemarvao.edu.gov.pt\/site\/wp-json\/wp\/v2\/categories?post=1155"},{"taxonomy":"post_tag","embeddable":true,"href":"https:\/\/aemarvao.edu.gov.pt\/site\/wp-json\/wp\/v2\/tags?post=1155"}],"curies":[{"name":"wp","href":"https:\/\/api.w.org\/{rel}","templated":true}]}}