{"id":1094,"date":"2018-04-26T13:44:52","date_gmt":"2018-04-26T13:44:52","guid":{"rendered":"http:\/\/www.aemarvao.pt\/site\/?p=1094"},"modified":"2018-04-26T13:46:51","modified_gmt":"2018-04-26T13:46:51","slug":"ae-marvao-com-grandes-resultados-no-desporto-escolar","status":"publish","type":"post","link":"https:\/\/aemarvao.edu.gov.pt\/site\/ae-marvao-com-grandes-resultados-no-desporto-escolar\/","title":{"rendered":"AE Marv\u00e3o com grandes resultados no Desporto Escolar"},"content":{"rendered":"<p><img loading=\"lazy\" class=\"alignnone size-full wp-image-1095 aligncenter\" src=\"http:\/\/www.aemarvao.pt\/site\/wp-content\/uploads\/2018\/04\/desporto.png\" alt=\"\" width=\"470\" height=\"471\" srcset=\"https:\/\/aemarvao.edu.gov.pt\/site\/wp-content\/uploads\/2018\/04\/desporto.png 470w, https:\/\/aemarvao.edu.gov.pt\/site\/wp-content\/uploads\/2018\/04\/desporto-150x150.png 150w, https:\/\/aemarvao.edu.gov.pt\/site\/wp-content\/uploads\/2018\/04\/desporto-300x300.png 300w, https:\/\/aemarvao.edu.gov.pt\/site\/wp-content\/uploads\/2018\/04\/desporto-100x100.png 100w\" sizes=\"(max-width: 470px) 100vw, 470px\" \/><\/p>\n<p style=\"text-align: justify;\">Depois de excelentes presta\u00e7\u00f5es desportivas realizadas ao longo deste ano letivo, tais como a participa\u00e7\u00e3o da aluna Beatriz Semedo (8.\u00ba A) nos nacionais do Mega Sprinter\u00a0e do aluno Rafael Gavancha (7.\u00ba B) no Corta Mato nacional, foi a vez dos alunos, Carota Dias (7.\u00ba A), Diogo Saldanha (7.\u00ba A) e R\u00faben Pires (8.\u00ba B) participarem no Regional de T\u00e9nis de Mesa, que se realizou nos dias 20 e 21 de abril em Montargil e dos alunos Paulo Oliveira (6.\u00ba SAA), Jo\u00e3o Bernardo (7.\u00ba B) e M\u00e1rio Andrade (9.\u00ba A) que participaram no Regional de nata\u00e7\u00e3o em Ponte de S\u00f4r.ra al\u00e9m de j\u00e1 terem demostrado muito valor ao se apurar para esta fase (regionais) dos torneios, ainda conseguiram brilhar nestes dias, conseguindo, com todo o m\u00e9rito, obter excelentes classifica\u00e7\u00f5es. A Carlota sagrou-se Vice Campe\u00e3 Regional de T\u00e9nis de Mesa no escal\u00e3o Infantis B Feminino, o M\u00e1rio sagrou-se campe\u00e3o regional nas provas dos 100m estilos, 200m estilos e 200m livres e segue para os nacionais. O Jo\u00e3o Bernardo conseguiu o 2.\u00ba lugar na prova dos 100m livres e o Paulo Oliveira obteve o 2.\u00ba lugar na prova dos 100m bru\u00e7os.<\/p>\n<p style=\"text-align: justify;\">Foram dois dias de muito desporto, partilha de conhecimentos desportivos, de conquista de novas amizades, de muito companheirismo e entreajuda entre atletas e professores.<\/p>\n<p style=\"text-align: justify;\">Deixamos tamb\u00e9m dois agradecimentos especiais: o primeiro a toda a comitiva que organizou e colaborou na realiza\u00e7\u00e3o destes encontros em Ponte de S\u00f4r e Montargil. E o segundo, a todos os nossos atletas do T\u00e9nis de Mesa e da Nata\u00e7\u00e3o que n\u00e3o se apuraram para os regionais, mas que ao longo do ano demonstraram muito empenho e muitas melhorias desportivas. Vamos continuar a treinar com o mesmo entusiasmo e empenho que para o ano estaremos TODOS l\u00e1.<\/p>\n<p><img loading=\"lazy\" class=\"alignnone size-full wp-image-1096 aligncenter\" src=\"http:\/\/www.aemarvao.pt\/site\/wp-content\/uploads\/2018\/04\/carlota2.jpg\" alt=\"\" width=\"461\" height=\"346\" srcset=\"https:\/\/aemarvao.edu.gov.pt\/site\/wp-content\/uploads\/2018\/04\/carlota2.jpg 461w, https:\/\/aemarvao.edu.gov.pt\/site\/wp-content\/uploads\/2018\/04\/carlota2-300x225.jpg 300w\" sizes=\"(max-width: 461px) 100vw, 461px\" \/><\/p>\n<p>&nbsp;<\/p>\n<p><img loading=\"lazy\" class=\"alignnone size-full wp-image-1097 aligncenter\" src=\"http:\/\/www.aemarvao.pt\/site\/wp-content\/uploads\/2018\/04\/carlota.jpg\" alt=\"\" width=\"346\" height=\"461\" srcset=\"https:\/\/aemarvao.edu.gov.pt\/site\/wp-content\/uploads\/2018\/04\/carlota.jpg 346w, https:\/\/aemarvao.edu.gov.pt\/site\/wp-content\/uploads\/2018\/04\/carlota-225x300.jpg 225w\" sizes=\"(max-width: 346px) 100vw, 346px\" \/><\/p>\n","protected":false},"excerpt":{"rendered":"<p>Depois de excelentes presta\u00e7\u00f5es desportivas realizadas ao longo deste ano letivo, tais como a participa\u00e7\u00e3o da aluna Beatriz Semedo (8.\u00ba A) nos nacionais do Mega Sprinter\u00a0e do aluno Rafael Gavancha (7.\u00ba B) no Corta Mato nacional, foi a vez dos alunos, Carota Dias (7.\u00ba A), Diogo Saldanha (7.\u00ba A) e R\u00faben Pires (8.\u00ba B) participarem &hellip; <\/p>\n<p class=\"link-more\"><a href=\"https:\/\/aemarvao.edu.gov.pt\/site\/ae-marvao-com-grandes-resultados-no-desporto-escolar\/\" class=\"more-link\">Continuar a ler <span class=\"screen-reader-text\">&#8220;AE Marv\u00e3o com grandes resultados no Desporto Escolar&#8221;<\/span><\/a><\/p>\n","protected":false},"author":1,"featured_media":0,"comment_status":"open","ping_status":"open","sticky":false,"template":"","format":"standard","meta":[],"categories":[1],"tags":[],"_links":{"self":[{"href":"https:\/\/aemarvao.edu.gov.pt\/site\/wp-json\/wp\/v2\/posts\/1094"}],"collection":[{"href":"https:\/\/aemarvao.edu.gov.pt\/site\/wp-json\/wp\/v2\/posts"}],"about":[{"href":"https:\/\/aemarvao.edu.gov.pt\/site\/wp-json\/wp\/v2\/types\/post"}],"author":[{"embeddable":true,"href":"https:\/\/aemarvao.edu.gov.pt\/site\/wp-json\/wp\/v2\/users\/1"}],"replies":[{"embeddable":true,"href":"https:\/\/aemarvao.edu.gov.pt\/site\/wp-json\/wp\/v2\/comments?post=1094"}],"version-history":[{"count":2,"href":"https:\/\/aemarvao.edu.gov.pt\/site\/wp-json\/wp\/v2\/posts\/1094\/revisions"}],"predecessor-version":[{"id":1099,"href":"https:\/\/aemarvao.edu.gov.pt\/site\/wp-json\/wp\/v2\/posts\/1094\/revisions\/1099"}],"wp:attachment":[{"href":"https:\/\/aemarvao.edu.gov.pt\/site\/wp-json\/wp\/v2\/media?parent=1094"}],"wp:term":[{"taxonomy":"category","embeddable":true,"href":"https:\/\/aemarvao.edu.gov.pt\/site\/wp-json\/wp\/v2\/categories?post=1094"},{"taxonomy":"post_tag","embeddable":true,"href":"https:\/\/aemarvao.edu.gov.pt\/site\/wp-json\/wp\/v2\/tags?post=1094"}],"curies":[{"name":"wp","href":"https:\/\/api.w.org\/{rel}","templated":true}]}}